{"id":3832,"date":"2025-08-11T09:06:38","date_gmt":"2025-08-11T07:06:38","guid":{"rendered":"https:\/\/auctor.ch\/?p=3832"},"modified":"2026-01-26T13:35:51","modified_gmt":"2026-01-26T12:35:51","slug":"le-imposte-nel-cantone-di-schwyz-guida-pratica-per-privati","status":"publish","type":"post","link":"https:\/\/auctor.ch\/it\/le-imposte-nel-cantone-di-schwyz-guida-pratica-per-privati\/","title":{"rendered":"Tassazione delle persone fisiche nel Canton Svitto"},"content":{"rendered":"<div data-elementor-type=\"wp-post\" data-elementor-id=\"3832\" class=\"elementor elementor-3832\" data-elementor-post-type=\"post\">\n\t\t\t\t<div data-particle_enable=\"false\" data-particle-mobile-disabled=\"false\" class=\"elementor-element elementor-element-e0cc54f e-flex e-con-boxed e-con e-parent\" data-id=\"e0cc54f\" data-element_type=\"container\">\n\t\t\t\t\t<div class=\"e-con-inner\">\n\t\t\t\t<div class=\"elementor-element elementor-element-9c38de1 elementor-widget elementor-widget-html\" data-id=\"9c38de1\" data-element_type=\"widget\" data-widget_type=\"html.default\">\n\t\t\t\t\t\t<div class=\"elementor-widget-container\">\n\t\t\t\t\t<div class=\"auctor-blog-content\">\n<h1>Tassazione delle persone fisiche nel Canton Svitto<\/h1>\n    \n    <div class=\"auctor-info-box\">\n        <strong>Ambito di applicazione:<\/strong> Persone fisiche con residenza fiscale o domicilio nel Cantone di Svitto<br>\n        <strong>Basi legali:<\/strong> Legge fiscale del Cantone di Svitto (StG SZ), Legge federale sull'imposta diretta (DBG)\n  <\/div>\n\n    <h2>Assoggettamento all'imposta nel Cantone di Svitto<\/h2>\n    \n    <p>L'obbligo fiscale nel Cantone di Svitto si basa sui principi del diritto tributario svizzero. Il Cantone riscuote sia le imposte cantonali che l'imposta federale diretta. Una caratteristica particolare del Cantone di Svitto \u00e8 l'assenza di imposte di successione e di donazione.<\/p>\n\n    <p>L'obbligo fiscale illimitato si applica alla residenza fiscale o al domicilio nel Cantone. Per residenza si intende un soggiorno di oltre 90 giorni con attivit\u00e0 lavorativa o di oltre 180 giorni senza attivit\u00e0 lavorativa. L'obbligo fiscale limitato si applica alle persone con un'affiliazione economica, in particolare se possiedono immobili o locali commerciali nel Cantone.<\/p>\n\n    <table class=\"auctor-table-wrapper\">\n        <thead>\n            <tr>\n                <th>Tipo di debito fiscale<\/th>\n                <th>Prerequisiti<\/th>\n                <th>Ambito di applicazione della tassazione<\/th>\n            <\/tr>\n        <\/thead>\n        <tbody>\n            <tr>\n                <td>Responsabilit\u00e0 fiscale illimitata<\/td>\n                <td>Residenza o residenza qualificata<\/td>\n                <td>Reddito e attivit\u00e0 globali<\/td>\n            <\/tr>\n            <tr>\n                <td>Responsabilit\u00e0 fiscale limitata<\/td>\n                <td>Affiliazione economica<\/td>\n                <td>Componenti reddituali e patrimoniali svizzere<\/td>\n            <\/tr>\n            <tr>\n                <td>Ritenuta d'acconto<\/td>\n                <td>Lavoratori stranieri senza permesso di soggiorno permanente<\/td>\n                <td>Reddito da lavoro nel cantone<\/td>\n            <\/tr>\n            <tr>\n                <td>Tassazione forfettaria<\/td>\n                <td>Cittadini stranieri qualificati che non esercitano un'attivit\u00e0 lavorativa in Svizzera<\/td>\n                <td>Tassazione in base alla spesa<\/td>\n            <\/tr>\n        <\/tbody>\n    <\/table>\n\n    <h2>Dichiarazione dei redditi e procedura di accertamento<\/h2>\n    \n  <p>Le dichiarazioni dei redditi vengono presentate per via elettronica tramite il portale eTax.SZ. La valutazione centralizzata da parte dell'Amministrazione fiscale cantonale garantisce procedure standardizzate per le imposte cantonali, comunali e federali. Il termine di presentazione regolare scade il 31 marzo dell'anno successivo.<\/p>\n\n    <p>Le proroghe possono essere richieste fino alla scadenza del termine ordinario.<\/p>\n\n    <h3>Procedura di invio digitale<\/h3>\n    \n    <p>\u00c8 possibile registrarsi utilizzando il proprio numero AVS tramite il sito etax.sz.ch. Una volta effettuata la registrazione, verr\u00e0 inviato per posta un codice di attivazione. Il sistema consente di trasferire i valori dell'anno precedente e offre un controllo di plausibilit\u00e0 integrato. Le ricevute devono essere allegate in formato PDF (massimo 10 MB per file).<\/p>\n\n    <h2>Ottimizzazione fiscale attraverso la previdenza<\/h2>\n    \n  <h3>Pilastro 3a<\/h3>\n    \n    <p>Gli importi massimi deducibili per la previdenza vincolata per il 2026 sono di 7.258 franchi con affiliazione alla cassa pensioni e 36.288 franchi senza affiliazione alla cassa pensioni (massimo 20% del reddito netto da lavoro). Questi importi sono interamente deducibili ai fini dell'imposta cantonale e federale.<\/p>\n\n    <div class=\"auctor-example-box\">\n        <strong>Nota pratica:<\/strong>\n        I pagamenti devono essere effettuati al pi\u00f9 tardi entro la met\u00e0 di dicembre per garantire che siano riconosciuti nell'anno fiscale in corso.\n    <\/div>\n\n    <h3>Acquisti dei fondi pensione<\/h3>\n    \n    <p>I riscatti volontari nel regime pensionistico professionale sono completamente deducibili dal reddito imponibile. Dopo l'acquisto, \u00e8 previsto un periodo di blocco di tre anni per i prelievi di capitale. L'effetto fiscale corrisponde all'aliquota marginale individuale e pu\u00f2 ammontare tra il 20 e il 35% dell'importo dell'acquisto.<\/p>\n\n    <p>L'effetto di progressione deve essere preso in considerazione quando si pianificano i riscatti dei fondi pensione. La ripartizione di importi maggiori su pi\u00f9 anni fiscali pu\u00f2 ottimizzare il risparmio fiscale.<\/p>\n\n  <h2>Tassazione della propriet\u00e0<\/h2>\n    \n    <p>Il valore locativo figurativo \u00e8 tassato come reddito e generalmente ammonta al 65% dell'affitto di mercato locale. In cambio, gli interessi passivi e i costi di manutenzione sono deducibili. La distinzione tra investimenti di manutenzione deducibili e investimenti di valorizzazione non deducibili segue la giurisprudenza del Tribunale federale.<\/p>\n\n    <p>Per la manutenzione degli immobili, potete scegliere tra una deduzione forfettaria e una deduzione dei costi effettivi ogni anno. La deduzione forfettaria \u00e8 pari al 10% del valore locativo figurativo per gli immobili con meno di 10 anni e al 20% per gli immobili pi\u00f9 vecchi.<\/p>\n\n    <h2>Tassazione in caso di lavoro autonomo<\/h2>\n    \n    <p>La politica di distribuzione delle societ\u00e0 deve essere ottimizzata tra stipendi e dividendi. I dividendi delle partecipazioni qualificate sono soggetti a una tassazione ridotta del 50% nel Cantone di Svitto e del 70% per l'imposta federale. L'obbligo AVS del salario deve essere preso in considerazione nell'ottimizzazione.<\/p>\n\n    <table class=\"auctor-table-wrapper\">\n        <thead>\n            <tr>\n                <th>Forma di distribuzione<\/th>\n                <th>Trattamento fiscale cantonale<\/th>\n                <th>Trattamento fiscale federale<\/th>\n                <th>Assicurazioni sociali<\/th>\n            <\/tr>\n      <\/thead>\n        <tbody>\n            <tr>\n                <td>Salari<\/td>\n                <td>100% controllabile<\/td>\n                <td>100% controllabile<\/td>\n                <td>AVS\/IV\/EO\/ALV obbligatorio<\/td>\n            <\/tr>\n            <tr>\n                <td>Dividendo (qualificato)<\/td>\n                <td>50% controllabile<\/td>\n                <td>70% controllabile<\/td>\n                <td>Senza impegno<\/td>\n            <\/tr>\n        <\/tbody>\n  <\/table>\n\n    <h2>Tassazione e detrazioni per la famiglia<\/h2>\n    \n  <p>Le persone sposate sono valutate congiuntamente. Nel Cantone di Svitto viene applicato un divisore di 1,9 per attenuare l'effetto progressivo. L'imposta federale ha un'aliquota separata per le coppie sposate.<\/p>\n\n    <p>Le spese per l'assistenza all'infanzia sono deducibili fino a 8.000 franchi per bambino e anno nel Canton Svitto (imposta federale: 25.800 franchi). Il prerequisito \u00e8 l'assistenza da parte di terzi per bambini di et\u00e0 inferiore ai 14 anni. Le spese devono essere completamente documentate.<\/p>\n\n    <h2>Tassazione forfettaria<\/h2>\n    \n    <p>La tassazione forfettaria \u00e8 disponibile per i cittadini stranieri che si trasferiscono in Svizzera per la prima volta o che hanno vissuto all'estero per almeno dieci anni. Il presupposto \u00e8 la rinuncia a qualsiasi attivit\u00e0 lavorativa in Svizzera. La base di valutazione \u00e8 di almeno 600.000 franchi svizzeri o sette volte il valore locativo o l'affitto.<\/p>\n\n    <p>La procedura inizia con una richiesta di ruling all'amministrazione fiscale cantonale. La base di valutazione concordata \u00e8 generalmente valida per tre anni. Un calcolo di controllo assicura che l'imposta forfettaria sia almeno equivalente alla tassazione ordinaria sul reddito e sul patrimonio svizzero.<\/p>\n\n    <div class=\"auctor-example-box\">\n        <strong>Nota pratica:<\/strong>\n        L'esercizio di un'attivit\u00e0 lucrativa, anche se in una sede per un datore di lavoro straniero, comporta la perdita della tassazione forfettaria.\n    <\/div>\n\n    <h2>Imposte comunali<\/h2>\n    \n    <p>Le aliquote fiscali comunali nel Cantone di Svitto variano tra il 55 e il 145% dell'aliquota fiscale cantonale. La scelta del comune di residenza ha quindi una notevole influenza sull'onere fiscale complessivo.<\/p>\n\n    <table class=\"auctor-table-wrapper\">\n        <thead>\n            <tr>\n                <th>Comune<\/th>\n                <th>Aliquota fiscale 2026<\/th>\n                <th>Caratteristica<\/th>\n            <\/tr>\n        <\/thead>\n        <tbody>\n            <tr>\n                <td>Wollerau<\/td>\n                <td>50%<\/td>\n                <td>L'aliquota fiscale pi\u00f9 bassa del cantone<\/td>\n            <\/tr>\n            <tr>\n                <td>Freienbach<\/td>\n                <td>50%<\/td>\n                <td>Seconda aliquota fiscale pi\u00f9 bassa<\/td>\n            <\/tr>\n            <tr>\n                <td>Feusisberg<\/td>\n                <td>60%<\/td>\n                <td>Terza aliquota fiscale pi\u00f9 bassa<\/td>\n            <\/tr>\n            <tr>\n                <td>Svitto<\/td>\n                <td>140%<\/td>\n                <td>Capitale cantonale<\/td>\n            <\/tr>\n        <\/tbody>\n    <\/table>\n\n  <h2>Imposta sulla propriet\u00e0<\/h2>\n    \n    <p>L'imposta sul patrimonio \u00e8 standardizzata allo 0,6 per mille del patrimonio imponibile. Si tratta di una delle aliquote pi\u00f9 basse nel confronto intercantonale.<\/p>\n\n    <h2>Tassazione dei pagamenti in conto capitale<\/h2>\n    \n    <p>I pagamenti forfettari dai regimi pensionistici professionali e dal pilastro 3a sono tassati separatamente dagli altri redditi a un'aliquota ridotta. Scaglionare i prelievi da diversi regimi pensionistici pu\u00f2 attenuare la progressione.<\/p>\n\n    <h2>Ritenuta d'acconto<\/h2>\n    \n    <p>I dipendenti stranieri senza permesso di soggiorno permanente sono soggetti alla ritenuta d'acconto. Le aliquote sono progressive e tengono conto dello stato civile. A partire da un reddito lordo di 120.000 franchi all'anno, viene effettuata una valutazione ordinaria retrospettiva.<\/p>\n\n    <h2>Tutela legale e procedimenti<\/h2>\n    \n    <p>I ricorsi contro le decisioni di accertamento possono essere presentati all'Amministrazione fiscale cantonale entro 30 giorni. La decisione di contestazione pu\u00f2 essere impugnata presso il Tribunale amministrativo del Cantone di Svitto. In materia fiscale federale, i ricorsi possono essere presentati al Tribunale federale.<\/p>\n\n<\/div>\n\t\t\t\t<\/div>\n\t\t\t\t<\/div>\n\t\t\t\t\t<\/div>\n\t\t\t\t<\/div>\n\t\t\t\t<\/div>","protected":false},"excerpt":{"rendered":"<p>Besteuerung nat\u00fcrlicher Personen im Kanton Schwyz Geltungsbereich: Nat\u00fcrliche Personen mit steuerrechtlichem Wohnsitz oder Aufenthalt im Kanton Schwyz Rechtsgrundlagen: Steuergesetz des Kantons Schwyz (StG SZ), Bundesgesetz \u00fcber die direkte Bundessteuer (DBG) Steuerpflicht im Kanton Schwyz Die Steuerpflicht im Kanton Schwyz richtet sich nach den Grunds\u00e4tzen des schweizerischen Steuerrechts. Der Kanton erhebt sowohl kantonale Steuern als auch [&hellip;]<\/p>","protected":false},"author":1,"featured_media":0,"comment_status":"closed","ping_status":"closed","sticky":false,"template":"","format":"standard","meta":{"site-sidebar-layout":"default","site-content-layout":"","ast-site-content-layout":"default","site-content-style":"default","site-sidebar-style":"default","ast-global-header-display":"","ast-banner-title-visibility":"","ast-main-header-display":"","ast-hfb-above-header-display":"","ast-hfb-below-header-display":"","ast-hfb-mobile-header-display":"","site-post-title":"","ast-breadcrumbs-content":"","ast-featured-img":"","footer-sml-layout":"","theme-transparent-header-meta":"","adv-header-id-meta":"","stick-header-meta":"","header-above-stick-meta":"","header-main-stick-meta":"","header-below-stick-meta":"","astra-migrate-meta-layouts":"set","ast-page-background-enabled":"default","ast-page-background-meta":{"desktop":{"background-color":"","background-image":"","background-repeat":"repeat","background-position":"center center","background-size":"auto","background-attachment":"scroll","background-type":"","background-media":"","overlay-type":"","overlay-color":"","overlay-opacity":"","overlay-gradient":""},"tablet":{"background-color":"","background-image":"","background-repeat":"repeat","background-position":"center center","background-size":"auto","background-attachment":"scroll","background-type":"","background-media":"","overlay-type":"","overlay-color":"","overlay-opacity":"","overlay-gradient":""},"mobile":{"background-color":"","background-image":"","background-repeat":"repeat","background-position":"center center","background-size":"auto","background-attachment":"scroll","background-type":"","background-media":"","overlay-type":"","overlay-color":"","overlay-opacity":"","overlay-gradient":""}},"ast-content-background-meta":{"desktop":{"background-color":"var(--ast-global-color-5)","background-image":"","background-repeat":"repeat","background-position":"center center","background-size":"auto","background-attachment":"scroll","background-type":"","background-media":"","overlay-type":"","overlay-color":"","overlay-opacity":"","overlay-gradient":""},"tablet":{"background-color":"var(--ast-global-color-5)","background-image":"","background-repeat":"repeat","background-position":"center center","background-size":"auto","background-attachment":"scroll","background-type":"","background-media":"","overlay-type":"","overlay-color":"","overlay-opacity":"","overlay-gradient":""},"mobile":{"background-color":"var(--ast-global-color-5)","background-image":"","background-repeat":"repeat","background-position":"center center","background-size":"auto","background-attachment":"scroll","background-type":"","background-media":"","overlay-type":"","overlay-color":"","overlay-opacity":"","overlay-gradient":""}},"footnotes":""},"categories":[1],"tags":[],"class_list":["post-3832","post","type-post","status-publish","format-standard","hentry","category-allgemein"],"yoast_head":"<!-- This site is optimized with the Yoast SEO plugin v25.4 - https:\/\/yoast.com\/wordpress\/plugins\/seo\/ -->\n<title>Besteuerung nat\u00fcrlicher Personen im Kanton Schwyz - Auctor Schwyz AG<\/title>\n<meta name=\"robots\" content=\"noindex, nofollow\" \/>\n<meta property=\"og:locale\" content=\"it_IT\" \/>\n<meta property=\"og:type\" content=\"article\" \/>\n<meta property=\"og:title\" content=\"Besteuerung nat\u00fcrlicher Personen im Kanton Schwyz - Auctor Schwyz AG\" \/>\n<meta property=\"og:description\" content=\"Besteuerung nat\u00fcrlicher Personen im Kanton Schwyz Geltungsbereich: Nat\u00fcrliche Personen mit steuerrechtlichem Wohnsitz oder Aufenthalt im Kanton Schwyz Rechtsgrundlagen: Steuergesetz des Kantons Schwyz (StG SZ), Bundesgesetz \u00fcber die direkte Bundessteuer (DBG) Steuerpflicht im Kanton Schwyz Die Steuerpflicht im Kanton Schwyz richtet sich nach den Grunds\u00e4tzen des schweizerischen Steuerrechts. Der Kanton erhebt sowohl kantonale Steuern als auch [&hellip;]\" \/>\n<meta property=\"og:url\" content=\"https:\/\/auctor.ch\/it\/le-imposte-nel-cantone-di-schwyz-guida-pratica-per-privati\/\" \/>\n<meta property=\"og:site_name\" content=\"Auctor Schwyz AG\" \/>\n<meta property=\"article:published_time\" content=\"2025-08-11T07:06:38+00:00\" \/>\n<meta property=\"article:modified_time\" content=\"2026-01-26T12:35:51+00:00\" \/>\n<meta name=\"author\" content=\"mhp_admin\" \/>\n<meta name=\"twitter:card\" content=\"summary_large_image\" \/>\n<meta name=\"twitter:label1\" content=\"Written by\" \/>\n\t<meta name=\"twitter:data1\" content=\"mhp_admin\" \/>\n<script type=\"application\/ld+json\" class=\"yoast-schema-graph\">{\"@context\":\"https:\/\/schema.org\",\"@graph\":[{\"@type\":\"Article\",\"@id\":\"https:\/\/auctor.ch\/steuern-im-kanton-schwyz-praktischer-leitfaden-fuer-privatpersonen\/#article\",\"isPartOf\":{\"@id\":\"https:\/\/auctor.ch\/steuern-im-kanton-schwyz-praktischer-leitfaden-fuer-privatpersonen\/\"},\"author\":{\"name\":\"mhp_admin\",\"@id\":\"https:\/\/auctor.ch\/#\/schema\/person\/f0a540937022e27ba6e047d0a67acd8e\"},\"headline\":\"Besteuerung nat\u00fcrlicher Personen im Kanton Schwyz\",\"datePublished\":\"2025-08-11T07:06:38+00:00\",\"dateModified\":\"2026-01-26T12:35:51+00:00\",\"mainEntityOfPage\":{\"@id\":\"https:\/\/auctor.ch\/steuern-im-kanton-schwyz-praktischer-leitfaden-fuer-privatpersonen\/\"},\"wordCount\":889,\"publisher\":{\"@id\":\"https:\/\/auctor.ch\/#organization\"},\"articleSection\":[\"Allgemein\"],\"inLanguage\":\"it-IT\"},{\"@type\":\"WebPage\",\"@id\":\"https:\/\/auctor.ch\/steuern-im-kanton-schwyz-praktischer-leitfaden-fuer-privatpersonen\/\",\"url\":\"https:\/\/auctor.ch\/steuern-im-kanton-schwyz-praktischer-leitfaden-fuer-privatpersonen\/\",\"name\":\"Besteuerung nat\u00fcrlicher Personen im Kanton Schwyz - Auctor Schwyz AG\",\"isPartOf\":{\"@id\":\"https:\/\/auctor.ch\/#website\"},\"datePublished\":\"2025-08-11T07:06:38+00:00\",\"dateModified\":\"2026-01-26T12:35:51+00:00\",\"breadcrumb\":{\"@id\":\"https:\/\/auctor.ch\/steuern-im-kanton-schwyz-praktischer-leitfaden-fuer-privatpersonen\/#breadcrumb\"},\"inLanguage\":\"it-IT\",\"potentialAction\":[{\"@type\":\"ReadAction\",\"target\":[\"https:\/\/auctor.ch\/steuern-im-kanton-schwyz-praktischer-leitfaden-fuer-privatpersonen\/\"]}]},{\"@type\":\"BreadcrumbList\",\"@id\":\"https:\/\/auctor.ch\/steuern-im-kanton-schwyz-praktischer-leitfaden-fuer-privatpersonen\/#breadcrumb\",\"itemListElement\":[{\"@type\":\"ListItem\",\"position\":1,\"name\":\"Startseite\",\"item\":\"https:\/\/auctor.ch\/\"},{\"@type\":\"ListItem\",\"position\":2,\"name\":\"Besteuerung nat\u00fcrlicher Personen im Kanton Schwyz\"}]},{\"@type\":\"WebSite\",\"@id\":\"https:\/\/auctor.ch\/#website\",\"url\":\"https:\/\/auctor.ch\/\",\"name\":\"Auctor Schwyz AG\",\"description\":\"Steuerberatung, Firmengr\u00fcndung, Buchf\u00fchrung in Wollerau und Schwyz\",\"publisher\":{\"@id\":\"https:\/\/auctor.ch\/#organization\"},\"potentialAction\":[{\"@type\":\"SearchAction\",\"target\":{\"@type\":\"EntryPoint\",\"urlTemplate\":\"https:\/\/auctor.ch\/?s={search_term_string}\"},\"query-input\":{\"@type\":\"PropertyValueSpecification\",\"valueRequired\":true,\"valueName\":\"search_term_string\"}}],\"inLanguage\":\"it-IT\"},{\"@type\":\"Organization\",\"@id\":\"https:\/\/auctor.ch\/#organization\",\"name\":\"Auctor Schwyz AG\",\"url\":\"https:\/\/auctor.ch\/\",\"logo\":{\"@type\":\"ImageObject\",\"inLanguage\":\"it-IT\",\"@id\":\"https:\/\/auctor.ch\/#\/schema\/logo\/image\/\",\"url\":\"https:\/\/auctor.ch\/wp-content\/uploads\/2024\/08\/Logo.png\",\"contentUrl\":\"https:\/\/auctor.ch\/wp-content\/uploads\/2024\/08\/Logo.png\",\"width\":198,\"height\":207,\"caption\":\"Auctor Schwyz AG\"},\"image\":{\"@id\":\"https:\/\/auctor.ch\/#\/schema\/logo\/image\/\"}},{\"@type\":\"Person\",\"@id\":\"https:\/\/auctor.ch\/#\/schema\/person\/f0a540937022e27ba6e047d0a67acd8e\",\"name\":\"mhp_admin\",\"image\":{\"@type\":\"ImageObject\",\"inLanguage\":\"it-IT\",\"@id\":\"https:\/\/auctor.ch\/#\/schema\/person\/image\/\",\"url\":\"https:\/\/secure.gravatar.com\/avatar\/536b29a27c027dfc83bcd53f2ab11428f2746dcafb21fa4ef5659065e70accb4?s=96&d=mm&r=g\",\"contentUrl\":\"https:\/\/secure.gravatar.com\/avatar\/536b29a27c027dfc83bcd53f2ab11428f2746dcafb21fa4ef5659065e70accb4?s=96&d=mm&r=g\",\"caption\":\"mhp_admin\"},\"sameAs\":[\"https:\/\/auctor.ch\"],\"url\":\"https:\/\/auctor.ch\/it\/author\/mhp_admin\/\"}]}<\/script>\n<!-- \/ Yoast SEO plugin. -->","yoast_head_json":{"title":"Besteuerung nat\u00fcrlicher Personen im Kanton Schwyz - Auctor Schwyz AG","robots":{"index":"noindex","follow":"nofollow"},"og_locale":"it_IT","og_type":"article","og_title":"Besteuerung nat\u00fcrlicher Personen im Kanton Schwyz - Auctor Schwyz AG","og_description":"Besteuerung nat\u00fcrlicher Personen im Kanton Schwyz Geltungsbereich: Nat\u00fcrliche Personen mit steuerrechtlichem Wohnsitz oder Aufenthalt im Kanton Schwyz Rechtsgrundlagen: Steuergesetz des Kantons Schwyz (StG SZ), Bundesgesetz \u00fcber die direkte Bundessteuer (DBG) Steuerpflicht im Kanton Schwyz Die Steuerpflicht im Kanton Schwyz richtet sich nach den Grunds\u00e4tzen des schweizerischen Steuerrechts. Der Kanton erhebt sowohl kantonale Steuern als auch [&hellip;]","og_url":"https:\/\/auctor.ch\/it\/le-imposte-nel-cantone-di-schwyz-guida-pratica-per-privati\/","og_site_name":"Auctor Schwyz AG","article_published_time":"2025-08-11T07:06:38+00:00","article_modified_time":"2026-01-26T12:35:51+00:00","author":"mhp_admin","twitter_card":"summary_large_image","twitter_misc":{"Written by":"mhp_admin"},"schema":{"@context":"https:\/\/schema.org","@graph":[{"@type":"Article","@id":"https:\/\/auctor.ch\/steuern-im-kanton-schwyz-praktischer-leitfaden-fuer-privatpersonen\/#article","isPartOf":{"@id":"https:\/\/auctor.ch\/steuern-im-kanton-schwyz-praktischer-leitfaden-fuer-privatpersonen\/"},"author":{"name":"mhp_admin","@id":"https:\/\/auctor.ch\/#\/schema\/person\/f0a540937022e27ba6e047d0a67acd8e"},"headline":"Besteuerung nat\u00fcrlicher Personen im Kanton Schwyz","datePublished":"2025-08-11T07:06:38+00:00","dateModified":"2026-01-26T12:35:51+00:00","mainEntityOfPage":{"@id":"https:\/\/auctor.ch\/steuern-im-kanton-schwyz-praktischer-leitfaden-fuer-privatpersonen\/"},"wordCount":889,"publisher":{"@id":"https:\/\/auctor.ch\/#organization"},"articleSection":["Allgemein"],"inLanguage":"it-IT"},{"@type":"WebPage","@id":"https:\/\/auctor.ch\/steuern-im-kanton-schwyz-praktischer-leitfaden-fuer-privatpersonen\/","url":"https:\/\/auctor.ch\/steuern-im-kanton-schwyz-praktischer-leitfaden-fuer-privatpersonen\/","name":"Besteuerung nat\u00fcrlicher Personen im Kanton Schwyz - Auctor Schwyz AG","isPartOf":{"@id":"https:\/\/auctor.ch\/#website"},"datePublished":"2025-08-11T07:06:38+00:00","dateModified":"2026-01-26T12:35:51+00:00","breadcrumb":{"@id":"https:\/\/auctor.ch\/steuern-im-kanton-schwyz-praktischer-leitfaden-fuer-privatpersonen\/#breadcrumb"},"inLanguage":"it-IT","potentialAction":[{"@type":"ReadAction","target":["https:\/\/auctor.ch\/steuern-im-kanton-schwyz-praktischer-leitfaden-fuer-privatpersonen\/"]}]},{"@type":"BreadcrumbList","@id":"https:\/\/auctor.ch\/steuern-im-kanton-schwyz-praktischer-leitfaden-fuer-privatpersonen\/#breadcrumb","itemListElement":[{"@type":"ListItem","position":1,"name":"Startseite","item":"https:\/\/auctor.ch\/"},{"@type":"ListItem","position":2,"name":"Besteuerung nat\u00fcrlicher Personen im Kanton Schwyz"}]},{"@type":"WebSite","@id":"https:\/\/auctor.ch\/#website","url":"https:\/\/auctor.ch\/","name":"Auctor Schwyz AG","description":"Steuerberatung, Firmengr\u00fcndung, Buchf\u00fchrung in Wollerau und Schwyz","publisher":{"@id":"https:\/\/auctor.ch\/#organization"},"potentialAction":[{"@type":"SearchAction","target":{"@type":"EntryPoint","urlTemplate":"https:\/\/auctor.ch\/?s={search_term_string}"},"query-input":{"@type":"PropertyValueSpecification","valueRequired":true,"valueName":"search_term_string"}}],"inLanguage":"it-IT"},{"@type":"Organization","@id":"https:\/\/auctor.ch\/#organization","name":"Auctor Schwyz AG","url":"https:\/\/auctor.ch\/","logo":{"@type":"ImageObject","inLanguage":"it-IT","@id":"https:\/\/auctor.ch\/#\/schema\/logo\/image\/","url":"https:\/\/auctor.ch\/wp-content\/uploads\/2024\/08\/Logo.png","contentUrl":"https:\/\/auctor.ch\/wp-content\/uploads\/2024\/08\/Logo.png","width":198,"height":207,"caption":"Auctor Schwyz AG"},"image":{"@id":"https:\/\/auctor.ch\/#\/schema\/logo\/image\/"}},{"@type":"Person","@id":"https:\/\/auctor.ch\/#\/schema\/person\/f0a540937022e27ba6e047d0a67acd8e","name":"mhp_admin","image":{"@type":"ImageObject","inLanguage":"it-IT","@id":"https:\/\/auctor.ch\/#\/schema\/person\/image\/","url":"https:\/\/secure.gravatar.com\/avatar\/536b29a27c027dfc83bcd53f2ab11428f2746dcafb21fa4ef5659065e70accb4?s=96&d=mm&r=g","contentUrl":"https:\/\/secure.gravatar.com\/avatar\/536b29a27c027dfc83bcd53f2ab11428f2746dcafb21fa4ef5659065e70accb4?s=96&d=mm&r=g","caption":"mhp_admin"},"sameAs":["https:\/\/auctor.ch"],"url":"https:\/\/auctor.ch\/it\/author\/mhp_admin\/"}]}},"_links":{"self":[{"href":"https:\/\/auctor.ch\/it\/wp-json\/wp\/v2\/posts\/3832","targetHints":{"allow":["GET"]}}],"collection":[{"href":"https:\/\/auctor.ch\/it\/wp-json\/wp\/v2\/posts"}],"about":[{"href":"https:\/\/auctor.ch\/it\/wp-json\/wp\/v2\/types\/post"}],"author":[{"embeddable":true,"href":"https:\/\/auctor.ch\/it\/wp-json\/wp\/v2\/users\/1"}],"replies":[{"embeddable":true,"href":"https:\/\/auctor.ch\/it\/wp-json\/wp\/v2\/comments?post=3832"}],"version-history":[{"count":32,"href":"https:\/\/auctor.ch\/it\/wp-json\/wp\/v2\/posts\/3832\/revisions"}],"predecessor-version":[{"id":3936,"href":"https:\/\/auctor.ch\/it\/wp-json\/wp\/v2\/posts\/3832\/revisions\/3936"}],"wp:attachment":[{"href":"https:\/\/auctor.ch\/it\/wp-json\/wp\/v2\/media?parent=3832"}],"wp:term":[{"taxonomy":"category","embeddable":true,"href":"https:\/\/auctor.ch\/it\/wp-json\/wp\/v2\/categories?post=3832"},{"taxonomy":"post_tag","embeddable":true,"href":"https:\/\/auctor.ch\/it\/wp-json\/wp\/v2\/tags?post=3832"}],"curies":[{"name":"wp","href":"https:\/\/api.w.org\/{rel}","templated":true}]}}