{"id":3837,"date":"2025-08-11T09:25:45","date_gmt":"2025-08-11T07:25:45","guid":{"rendered":"https:\/\/auctor.ch\/?p=3837"},"modified":"2026-01-20T15:34:29","modified_gmt":"2026-01-20T14:34:29","slug":"assurances-sociales-et-comptabilite-salariale-pour-les-pme-en-suisse","status":"publish","type":"post","link":"https:\/\/auctor.ch\/fr\/assurances-sociales-et-comptabilite-salariale-pour-les-pme-en-suisse\/","title":{"rendered":"Assurances sociales et comptabilit\u00e9 salariale pour les PME en Suisse"},"content":{"rendered":"<div data-elementor-type=\"wp-post\" data-elementor-id=\"3837\" class=\"elementor elementor-3837\" data-elementor-post-type=\"post\">\n\t\t\t\t<div data-particle_enable=\"false\" data-particle-mobile-disabled=\"false\" class=\"elementor-element elementor-element-e0cc54f e-flex e-con-boxed e-con e-parent\" data-id=\"e0cc54f\" data-element_type=\"container\">\n\t\t\t\t\t<div class=\"e-con-inner\">\n\t\t\t\t<div class=\"elementor-element elementor-element-9c38de1 elementor-widget elementor-widget-html\" data-id=\"9c38de1\" data-element_type=\"widget\" data-widget_type=\"html.default\">\n\t\t\t\t\t\t<div class=\"elementor-widget-container\">\n\t\t\t\t\t<div class=\"auctor-blog-content\">\n <h1>Assurances sociales et comptabilit\u00e9 salariale pour les PME en Suisse<\/h1>\n    \n    <h2>Les bases des obligations en mati\u00e8re de s\u00e9curit\u00e9 sociale<\/h2>\n    \n    <p>En Suisse, la gestion des salaires est soumise \u00e0 un ensemble complexe d'obligations en mati\u00e8re d'assurances sociales. Les entreprises doivent souscrire et g\u00e9rer diff\u00e9rentes assurances obligatoires, dont les cotisations sont r\u00e9parties entre l'employeur et l'employ\u00e9.<\/p>\n    \n    <p>Les assurances sociales centrales comprennent l'AVS\/AI\/APG (assurance-vieillesse et survivants, assurance-invalidit\u00e9, allocations pour perte de gain), l'assurance-ch\u00f4mage (AC), l'assurance-accidents (LAA) ainsi que la pr\u00e9voyance professionnelle (LPP). Il existe en outre des r\u00e9glementations cantonales pour les allocations familiales (CAF) et, selon la convention collective de travail, d'autres obligations comme l'assurance d'indemnit\u00e9s journali\u00e8res en cas de maladie (IJM).<\/p>\n    \n    <h2>Enregistrement et processus de connexion<\/h2>\n    \n    <p>Avant le premier versement de salaire, les entreprises doivent \u00eatre enregistr\u00e9es aupr\u00e8s de la caisse de compensation AVS comp\u00e9tente. Le choix de la caisse de compensation se fait soit par l'interm\u00e9diaire de l'association de branche, soit par la caisse de compensation cantonale. L'inscription \u00e0 l'assurance-accidents d\u00e9pend de l'appartenance \u00e0 une branche : certaines branches comme la construction, l'industrie ou la gastronomie sont tenues de s'assurer aupr\u00e8s de la Suva, d'autres peuvent choisir un assureur priv\u00e9.<\/p>\n    \n    <p>L'inscription \u00e0 la caisse de pension devient pertinente d\u00e8s que les collaborateurs atteignent le seuil d'entr\u00e9e LPP de CHF 22'680 de salaire annuel. L'enregistrement pour l'imp\u00f4t \u00e0 la source se fait aupr\u00e8s de l'office cantonal des imp\u00f4ts et concerne tous les collaborateurs \u00e9trangers ne disposant pas d'un permis d'\u00e9tablissement C.<\/p>\n    \n    <h2>Obligations d'assurance par cat\u00e9gorie de collaborateurs<\/h2>\n    \n    <h3>Obligation d'assurance LPP<\/h3>\n    \n    <p>La pr\u00e9voyance professionnelle est obligatoire pour les employ\u00e9s \u00e0 partir d'un salaire annuel de CHF 22'680. L'obligation d'assurance varie selon l'\u00e2ge : les collaborateurs de moins de 17 ans ne sont pas assur\u00e9s, entre 17 et 24 ans, il n'y a qu'une assurance risque pour le d\u00e9c\u00e8s et l'invalidit\u00e9, \u00e0 partir de 25 ans, il y a en plus une \u00e9pargne vieillesse. Une fois l'\u00e2ge ordinaire de la retraite atteint, l'obligation d'assurance dispara\u00eet.<\/p>\n    \n    <h3>Assurance accident<\/h3>\n    \n    <p>L'assurance contre les accidents professionnels (AP) est obligatoire pour tous les travailleurs, quel que soit leur taux d'occupation. L'assurance contre les accidents non professionnels (ANP) est obligatoire \u00e0 partir d'un temps de travail hebdomadaire de 8 heures. Les primes de l'AAP sont enti\u00e8rement \u00e0 la charge de l'employeur, tandis que les primes de l'AANP sont, par d\u00e9faut, \u00e0 la charge de l'employ\u00e9.<\/p>\n    \n    <div class=\"praxis-box\">\n        <strong>Conseil pratique :<\/strong>\n        En cas de plusieurs emplois \u00e0 temps partiel, les heures de travail sont additionn\u00e9es pour l'assujettissement \u00e0 l'AANP. Il faut en tenir compte lors de la demande d'assurance.\n    <\/div>\n    \n    <h2>Taux de cotisation et structure des co\u00fbts<\/h2>\n    \n    <p>Les cotisations de s\u00e9curit\u00e9 sociale se composent de plusieurs \u00e9l\u00e9ments :<\/p>\n    \n    <table class=\"auctor-table-wrapper\">\n        <thead>\n            <tr>\n                <th>Assurance<\/th>\n                <th>Part de l'employeur<\/th>\n                <th>Part de l'employ\u00e9<\/th>\n                <th>Base de calcul<\/th>\n            <\/tr>\n        <\/thead>\n        <tbody>\n            <tr>\n                <td>AVS\/AI\/APG<\/td>\n                <td>5.3%<\/td>\n                <td>5.3%<\/td>\n                <td>Salaire total<\/td>\n            <\/tr>\n            <tr>\n                <td>ALV<\/td>\n                <td>1.1%<\/td>\n                <td>1.1%<\/td>\n                <td>Jusqu'\u00e0 CHF 148'200, au-del\u00e0 0.5%<\/td>\n            <\/tr>\n            <tr>\n                <td>FAK<\/td>\n                <td>0.5-3%<\/td>\n                <td>0-1.5%<\/td>\n                <td>Diff\u00e9rent selon les cantons<\/td>\n            <\/tr>\n            <tr>\n                <td>LAA BU<\/td>\n                <td>0.5-3%<\/td>\n                <td>0%<\/td>\n                <td>Par classe de danger<\/td>\n            <\/tr>\n            <tr>\n                <td>LAA NBU<\/td>\n                <td>0%<\/td>\n                <td>1-2%<\/td>\n                <td>Par assureur<\/td>\n            <\/tr>\n            <tr>\n                <td>LPP<\/td>\n                <td>Au moins 50%<\/td>\n                <td>Au moins 50%<\/td>\n                <td>Salaire coordonn\u00e9<\/td>\n            <\/tr>\n        <\/tbody>\n    <\/table>\n    \n    <p>Les co\u00fbts salariaux accessoires effectifs pour les employeurs se situent typiquement entre 10% et 20% de la masse salariale brute, en fonction de la solution de caisse de pension choisie et des primes d'assurance-accidents sp\u00e9cifiques \u00e0 la branche.<\/p>\n    \n    <h2>D\u00e9lais et obligations de d\u00e9claration<\/h2>\n    \n    <p>La gestion des salaires est soumise \u00e0 diff\u00e9rentes contraintes temporelles. Les obligations mensuelles comprennent le paiement des salaires (g\u00e9n\u00e9ralement le 25 du mois) et le d\u00e9compte de l'imp\u00f4t \u00e0 la source (jusqu'au 30 du mois suivant). Chaque trimestre, le d\u00e9compte AVS\/AI\/APG\/AC est effectu\u00e9 avec la caisse de compensation.<\/p>\n    \n    <p>Les obligations annuelles de d\u00e9claration se concentrent sur le mois de janvier : les certificats de salaire doivent \u00eatre \u00e9tablis avant le 31 janvier, la d\u00e9claration annuelle des salaires AVS se fait par voie \u00e9lectronique avant le 30 janvier. La d\u00e9claration des salaires LPP et la d\u00e9claration des salaires LAA sont \u00e9galement dues fin janvier.<\/p>\n    \n    <h2>Choix de la caisse de pension : Crit\u00e8res de d\u00e9cision<\/h2>\n    \n    <p>Lors du choix d'une caisse de pension, diff\u00e9rents facteurs doivent \u00eatre pris en compte. Le taux de couverture doit \u00eatre sup\u00e9rieur \u00e0 100% afin d'\u00e9viter des mesures d'assainissement. Le taux de conversion est de 6,8% dans le r\u00e9gime obligatoire, mais peut \u00eatre nettement inf\u00e9rieur dans le r\u00e9gime surobligatoire.<\/p>\n    \n    <p>Les frais administratifs varient entre CHF 100 et CHF 400 par personne assur\u00e9e par an. Il convient en outre d'\u00e9valuer les prestations de risque (rente AI, capital d\u00e9c\u00e8s) et la flexibilit\u00e9 concernant le changement de plan et les possibilit\u00e9s de rachat.<\/p>\n    \n    <div class=\"auctor-example-box\">\n        <strong>Conseil pratique :<\/strong>\n        Pour que la comparaison des offres soit pertinente, tous les prestataires devraient \u00eatre soumis \u00e0 des param\u00e8tres identiques (cotisations d'\u00e9pargne, d\u00e9duction de coordination, prestations de risque).\n    <\/div>\n    \n    <h2>Assurance d'indemnit\u00e9s journali\u00e8res en cas de maladie<\/h2>\n    \n    <p>L'assurance IJM n'est pas obligatoire, mais elle peut couvrir l'obligation de continuer \u00e0 verser le salaire conform\u00e9ment \u00e0 l'art. 324a CO. Sans IJM, l'employeur assume l'int\u00e9gralit\u00e9 du risque li\u00e9 au maintien du paiement du salaire en cas de maladie. Apr\u00e8s un d\u00e9lai d'attente convenu, l'assurance prend en charge 80% ou 100% du salaire pendant 730 jours au maximum.<\/p>\n    \n    <p>Le d\u00e9lai d'attente a une influence d\u00e9terminante sur le montant des primes : un d\u00e9lai d'attente de 14 jours se traduit par des primes de 2,5 \u00e0 3,5% de la masse salariale, tandis qu'un d\u00e9lai d'attente de 90 jours r\u00e9duit les co\u00fbts \u00e0 0,8-1,2%. Le choix du d\u00e9lai d'attente doit tenir compte de la situation de tr\u00e9sorerie de l'entreprise.<\/p>\n    \n    <h2>R\u00e8gles sp\u00e9ciales pour les employ\u00e9s \u00e9trangers<\/h2>\n    \n    <p>Les collaborateurs \u00e9trangers sans permis C sont soumis \u00e0 l'imposition \u00e0 la source. Le bar\u00e8me fiscal varie en fonction du canton, de l'\u00e9tat civil et de l'appartenance \u00e0 une \u00e9glise. L'annonce aupr\u00e8s de l'office cantonal des imp\u00f4ts doit \u00eatre faite dans les 8 jours suivant l'entr\u00e9e en fonction.<\/p>\n    \n    <p>Les frontaliers titulaires d'un permis G sont soumis \u00e0 un taux d'imposition \u00e0 la source r\u00e9duit de 4,5%, \u00e9tant donn\u00e9 que l'imposition principale a lieu dans le pays de r\u00e9sidence. Les obligations en mati\u00e8re de s\u00e9curit\u00e9 sociale sont les m\u00eames que pour les employ\u00e9s suisses.<\/p>\n    \n    <h2>Particularit\u00e9s sp\u00e9cifiques \u00e0 la forme juridique<\/h2>\n    \n    <p>Les obligations en mati\u00e8re de s\u00e9curit\u00e9 sociale varient en fonction de la forme juridique de l'entreprise. Les propri\u00e9taires de soci\u00e9t\u00e9s de capitaux (S\u00e0rl, SA) sont consid\u00e9r\u00e9s comme des employ\u00e9s de leur propre entreprise et sont soumis \u00e0 toutes les obligations en mati\u00e8re d'assurances sociales. Les propri\u00e9taires de soci\u00e9t\u00e9s de personnes (entreprise individuelle, soci\u00e9t\u00e9 en nom collectif) sont consid\u00e9r\u00e9s comme des ind\u00e9pendants et ne sont soumis qu'\u00e0 l'AVS\/AI\/APG.<\/p>\n    \n    <p>Les honoraires des administrateurs sont soumis \u00e0 l'AVS \u00e0 partir de 2 300 CHF par an, mais ne sont habituellement pas soumis \u00e0 l'obligation d'assurance LPP.<\/p>\n    \n    <h2>Exigences relatives au logiciel de paie<\/h2>\n    \n    <p>Un logiciel salarial professionnel doit r\u00e9pondre \u00e0 diff\u00e9rentes exigences techniques et r\u00e9glementaires. La certification Swissdec permet d'effectuer des d\u00e9clarations de salaires \u00e9lectroniques (ELM) \u00e0 toutes les assurances et autorit\u00e9s concern\u00e9es. Les mises \u00e0 jour automatiques garantissent l'actualit\u00e9 des valeurs limites et des tarifs.<\/p>\n    \n    <p>D'autres fonctions essentielles comprennent un module d'imp\u00f4t \u00e0 la source avec des bar\u00e8mes cantonaux, la cr\u00e9ation automatis\u00e9e de documents (certificats de salaire, attestations d'employeur) ainsi que des interfaces avec la comptabilit\u00e9 financi\u00e8re et les syst\u00e8mes de saisie des temps.<\/p>\n    \n    <h2>D\u00e9roulement du processus de la fiche de salaire mensuelle<\/h2>\n    \n    <p>Le traitement mensuel des salaires suit un processus standardis\u00e9 : Apr\u00e8s l'actualisation des donn\u00e9es de base, les \u00e9l\u00e9ments variables du salaire tels que les heures de travail, les absences et les frais sont saisis. Un cycle de contr\u00f4le permet de v\u00e9rifier la plausibilit\u00e9 avant la comptabilisation d\u00e9finitive.<\/p>\n    \n    <p>Apr\u00e8s la validation, les paiements des salaires sont d\u00e9clench\u00e9s et les fiches de salaire sont distribu\u00e9es aux collaborateurs. L'int\u00e9gration dans la comptabilit\u00e9 financi\u00e8re se fait par l'exportation du journal des salaires.<\/p>\n    \n    <h2>Changement d'assureur et d\u00e9lais de r\u00e9siliation<\/h2>\n    \n    <p>Les possibilit\u00e9s de changer d'assureur diff\u00e8rent selon les assurances sociales. Il n'est pas possible de changer de caisse de compensation AVS. La caisse de pension peut \u00eatre r\u00e9sili\u00e9e \u00e0 la fin de l'ann\u00e9e avec un pr\u00e9avis de 6 mois. L'assurance-accidents peut \u00eatre chang\u00e9e chaque ann\u00e9e, sauf pour les entreprises soumises \u00e0 la Suva. L'assurance d'indemnit\u00e9s journali\u00e8res en cas de maladie est soumise \u00e0 des d\u00e9lais de r\u00e9siliation sp\u00e9cifiques au contrat, g\u00e9n\u00e9ralement de 3 mois.<\/p>\n    \n    <div class=\"auctor-example-box\">\n        <strong>Conseil pratique :<\/strong>\n        En cas de changement d'assureur IJM, il convient d'attendre l'accord du nouvel assureur avant de r\u00e9silier la police existante.\n    <\/div>\n    \n\n<\/div>\n\t\t\t\t<\/div>\n\t\t\t\t<\/div>\n\t\t\t\t\t<\/div>\n\t\t\t\t<\/div>\n\t\t\t\t<\/div>","protected":false},"excerpt":{"rendered":"<p>Assurances sociales et comptabilit\u00e9 salariale pour les PME en Suisse Bases des obligations en mati\u00e8re d'assurances sociales La comptabilit\u00e9 salariale en Suisse est soumise \u00e0 un ensemble complexe d'obligations en mati\u00e8re d'assurances sociales. Les entreprises doivent souscrire et g\u00e9rer diff\u00e9rentes assurances obligatoires dont les cotisations sont r\u00e9parties entre l'employeur et l'employ\u00e9. Les assurances sociales centrales comprennent l'AVS\/AI\/APG (assurance-vieillesse et survivants, assurance-invalidit\u00e9, allocations pour perte de gain), l'assurance-ch\u00f4mage (AC), l'assurance-accidents (LAA) [...].<\/p>","protected":false},"author":1,"featured_media":0,"comment_status":"closed","ping_status":"closed","sticky":false,"template":"","format":"standard","meta":{"site-sidebar-layout":"default","site-content-layout":"","ast-site-content-layout":"default","site-content-style":"default","site-sidebar-style":"default","ast-global-header-display":"","ast-banner-title-visibility":"","ast-main-header-display":"","ast-hfb-above-header-display":"","ast-hfb-below-header-display":"","ast-hfb-mobile-header-display":"","site-post-title":"","ast-breadcrumbs-content":"","ast-featured-img":"","footer-sml-layout":"","theme-transparent-header-meta":"","adv-header-id-meta":"","stick-header-meta":"","header-above-stick-meta":"","header-main-stick-meta":"","header-below-stick-meta":"","astra-migrate-meta-layouts":"set","ast-page-background-enabled":"default","ast-page-background-meta":{"desktop":{"background-color":"","background-image":"","background-repeat":"repeat","background-position":"center center","background-size":"auto","background-attachment":"scroll","background-type":"","background-media":"","overlay-type":"","overlay-color":"","overlay-opacity":"","overlay-gradient":""},"tablet":{"background-color":"","background-image":"","background-repeat":"repeat","background-position":"center center","background-size":"auto","background-attachment":"scroll","background-type":"","background-media":"","overlay-type":"","overlay-color":"","overlay-opacity":"","overlay-gradient":""},"mobile":{"background-color":"","background-image":"","background-repeat":"repeat","background-position":"center center","background-size":"auto","background-attachment":"scroll","background-type":"","background-media":"","overlay-type":"","overlay-color":"","overlay-opacity":"","overlay-gradient":""}},"ast-content-background-meta":{"desktop":{"background-color":"var(--ast-global-color-5)","background-image":"","background-repeat":"repeat","background-position":"center center","background-size":"auto","background-attachment":"scroll","background-type":"","background-media":"","overlay-type":"","overlay-color":"","overlay-opacity":"","overlay-gradient":""},"tablet":{"background-color":"var(--ast-global-color-5)","background-image":"","background-repeat":"repeat","background-position":"center center","background-size":"auto","background-attachment":"scroll","background-type":"","background-media":"","overlay-type":"","overlay-color":"","overlay-opacity":"","overlay-gradient":""},"mobile":{"background-color":"var(--ast-global-color-5)","background-image":"","background-repeat":"repeat","background-position":"center center","background-size":"auto","background-attachment":"scroll","background-type":"","background-media":"","overlay-type":"","overlay-color":"","overlay-opacity":"","overlay-gradient":""}},"footnotes":""},"categories":[1],"tags":[],"class_list":["post-3837","post","type-post","status-publish","format-standard","hentry","category-allgemein"],"yoast_head":"<!-- This site is optimized with the Yoast SEO plugin v25.4 - https:\/\/yoast.com\/wordpress\/plugins\/seo\/ -->\n<title>Sozialversicherungen und Lohnbuchhaltung f\u00fcr KMU in der Schweiz - Auctor Schwyz AG<\/title>\n<meta name=\"robots\" content=\"noindex, nofollow\" \/>\n<meta property=\"og:locale\" content=\"fr_FR\" \/>\n<meta property=\"og:type\" content=\"article\" \/>\n<meta property=\"og:title\" content=\"Sozialversicherungen und Lohnbuchhaltung f\u00fcr KMU in der Schweiz - Auctor Schwyz AG\" \/>\n<meta property=\"og:description\" content=\"Sozialversicherungen und Lohnbuchhaltung f\u00fcr KMU in der Schweiz Grundlagen der Sozialversicherungspflichten Die Lohnbuchhaltung in der Schweiz unterliegt einem komplexen Regelwerk von Sozialversicherungspflichten. Unternehmen m\u00fcssen verschiedene obligatorische Versicherungen abschliessen und verwalten, deren Beitr\u00e4ge zwischen Arbeitgeber und Arbeitnehmer aufgeteilt werden. Die zentralen Sozialversicherungen umfassen die AHV\/IV\/EO (Alters- und Hinterlassenenversicherung, Invalidenversicherung, Erwerbsersatzordnung), die Arbeitslosenversicherung (ALV), die Unfallversicherung (UVG) [&hellip;]\" \/>\n<meta property=\"og:url\" content=\"https:\/\/auctor.ch\/fr\/assurances-sociales-et-comptabilite-salariale-pour-les-pme-en-suisse\/\" \/>\n<meta property=\"og:site_name\" content=\"Auctor Schwyz AG\" \/>\n<meta property=\"article:published_time\" content=\"2025-08-11T07:25:45+00:00\" \/>\n<meta property=\"article:modified_time\" content=\"2026-01-20T14:34:29+00:00\" \/>\n<meta name=\"author\" content=\"mhp_admin\" \/>\n<meta name=\"twitter:card\" content=\"summary_large_image\" \/>\n<meta name=\"twitter:label1\" content=\"Written by\" \/>\n\t<meta name=\"twitter:data1\" content=\"mhp_admin\" \/>\n\t<meta name=\"twitter:label2\" content=\"Est. reading time\" \/>\n\t<meta name=\"twitter:data2\" content=\"5 minutes\" \/>\n<script type=\"application\/ld+json\" class=\"yoast-schema-graph\">{\"@context\":\"https:\/\/schema.org\",\"@graph\":[{\"@type\":\"Article\",\"@id\":\"https:\/\/auctor.ch\/sozialversicherungen-und-lohnbuchhaltung-fuer-kmu-in-der-schweiz\/#article\",\"isPartOf\":{\"@id\":\"https:\/\/auctor.ch\/sozialversicherungen-und-lohnbuchhaltung-fuer-kmu-in-der-schweiz\/\"},\"author\":{\"name\":\"mhp_admin\",\"@id\":\"https:\/\/auctor.ch\/#\/schema\/person\/f0a540937022e27ba6e047d0a67acd8e\"},\"headline\":\"Sozialversicherungen und Lohnbuchhaltung f\u00fcr KMU in der Schweiz\",\"datePublished\":\"2025-08-11T07:25:45+00:00\",\"dateModified\":\"2026-01-20T14:34:29+00:00\",\"mainEntityOfPage\":{\"@id\":\"https:\/\/auctor.ch\/sozialversicherungen-und-lohnbuchhaltung-fuer-kmu-in-der-schweiz\/\"},\"wordCount\":923,\"publisher\":{\"@id\":\"https:\/\/auctor.ch\/#organization\"},\"articleSection\":[\"Allgemein\"],\"inLanguage\":\"fr-FR\"},{\"@type\":\"WebPage\",\"@id\":\"https:\/\/auctor.ch\/sozialversicherungen-und-lohnbuchhaltung-fuer-kmu-in-der-schweiz\/\",\"url\":\"https:\/\/auctor.ch\/sozialversicherungen-und-lohnbuchhaltung-fuer-kmu-in-der-schweiz\/\",\"name\":\"Sozialversicherungen und Lohnbuchhaltung f\u00fcr KMU in der Schweiz - Auctor Schwyz AG\",\"isPartOf\":{\"@id\":\"https:\/\/auctor.ch\/#website\"},\"datePublished\":\"2025-08-11T07:25:45+00:00\",\"dateModified\":\"2026-01-20T14:34:29+00:00\",\"breadcrumb\":{\"@id\":\"https:\/\/auctor.ch\/sozialversicherungen-und-lohnbuchhaltung-fuer-kmu-in-der-schweiz\/#breadcrumb\"},\"inLanguage\":\"fr-FR\",\"potentialAction\":[{\"@type\":\"ReadAction\",\"target\":[\"https:\/\/auctor.ch\/sozialversicherungen-und-lohnbuchhaltung-fuer-kmu-in-der-schweiz\/\"]}]},{\"@type\":\"BreadcrumbList\",\"@id\":\"https:\/\/auctor.ch\/sozialversicherungen-und-lohnbuchhaltung-fuer-kmu-in-der-schweiz\/#breadcrumb\",\"itemListElement\":[{\"@type\":\"ListItem\",\"position\":1,\"name\":\"Startseite\",\"item\":\"https:\/\/auctor.ch\/\"},{\"@type\":\"ListItem\",\"position\":2,\"name\":\"Sozialversicherungen und Lohnbuchhaltung f\u00fcr KMU in der Schweiz\"}]},{\"@type\":\"WebSite\",\"@id\":\"https:\/\/auctor.ch\/#website\",\"url\":\"https:\/\/auctor.ch\/\",\"name\":\"Auctor Schwyz AG\",\"description\":\"Steuerberatung, Firmengr\u00fcndung, Buchf\u00fchrung in Wollerau und Schwyz\",\"publisher\":{\"@id\":\"https:\/\/auctor.ch\/#organization\"},\"potentialAction\":[{\"@type\":\"SearchAction\",\"target\":{\"@type\":\"EntryPoint\",\"urlTemplate\":\"https:\/\/auctor.ch\/?s={search_term_string}\"},\"query-input\":{\"@type\":\"PropertyValueSpecification\",\"valueRequired\":true,\"valueName\":\"search_term_string\"}}],\"inLanguage\":\"fr-FR\"},{\"@type\":\"Organization\",\"@id\":\"https:\/\/auctor.ch\/#organization\",\"name\":\"Auctor Schwyz AG\",\"url\":\"https:\/\/auctor.ch\/\",\"logo\":{\"@type\":\"ImageObject\",\"inLanguage\":\"fr-FR\",\"@id\":\"https:\/\/auctor.ch\/#\/schema\/logo\/image\/\",\"url\":\"https:\/\/auctor.ch\/wp-content\/uploads\/2024\/08\/Logo.png\",\"contentUrl\":\"https:\/\/auctor.ch\/wp-content\/uploads\/2024\/08\/Logo.png\",\"width\":198,\"height\":207,\"caption\":\"Auctor Schwyz AG\"},\"image\":{\"@id\":\"https:\/\/auctor.ch\/#\/schema\/logo\/image\/\"}},{\"@type\":\"Person\",\"@id\":\"https:\/\/auctor.ch\/#\/schema\/person\/f0a540937022e27ba6e047d0a67acd8e\",\"name\":\"mhp_admin\",\"image\":{\"@type\":\"ImageObject\",\"inLanguage\":\"fr-FR\",\"@id\":\"https:\/\/auctor.ch\/#\/schema\/person\/image\/\",\"url\":\"https:\/\/secure.gravatar.com\/avatar\/536b29a27c027dfc83bcd53f2ab11428f2746dcafb21fa4ef5659065e70accb4?s=96&d=mm&r=g\",\"contentUrl\":\"https:\/\/secure.gravatar.com\/avatar\/536b29a27c027dfc83bcd53f2ab11428f2746dcafb21fa4ef5659065e70accb4?s=96&d=mm&r=g\",\"caption\":\"mhp_admin\"},\"sameAs\":[\"https:\/\/auctor.ch\"],\"url\":\"https:\/\/auctor.ch\/fr\/author\/mhp_admin\/\"}]}<\/script>\n<!-- \/ Yoast SEO plugin. -->","yoast_head_json":{"title":"Sozialversicherungen und Lohnbuchhaltung f\u00fcr KMU in der Schweiz - Auctor Schwyz AG","robots":{"index":"noindex","follow":"nofollow"},"og_locale":"fr_FR","og_type":"article","og_title":"Sozialversicherungen und Lohnbuchhaltung f\u00fcr KMU in der Schweiz - Auctor Schwyz AG","og_description":"Sozialversicherungen und Lohnbuchhaltung f\u00fcr KMU in der Schweiz Grundlagen der Sozialversicherungspflichten Die Lohnbuchhaltung in der Schweiz unterliegt einem komplexen Regelwerk von Sozialversicherungspflichten. Unternehmen m\u00fcssen verschiedene obligatorische Versicherungen abschliessen und verwalten, deren Beitr\u00e4ge zwischen Arbeitgeber und Arbeitnehmer aufgeteilt werden. Die zentralen Sozialversicherungen umfassen die AHV\/IV\/EO (Alters- und Hinterlassenenversicherung, Invalidenversicherung, Erwerbsersatzordnung), die Arbeitslosenversicherung (ALV), die Unfallversicherung (UVG) [&hellip;]","og_url":"https:\/\/auctor.ch\/fr\/assurances-sociales-et-comptabilite-salariale-pour-les-pme-en-suisse\/","og_site_name":"Auctor Schwyz AG","article_published_time":"2025-08-11T07:25:45+00:00","article_modified_time":"2026-01-20T14:34:29+00:00","author":"mhp_admin","twitter_card":"summary_large_image","twitter_misc":{"Written by":"mhp_admin","Est. reading time":"5 minutes"},"schema":{"@context":"https:\/\/schema.org","@graph":[{"@type":"Article","@id":"https:\/\/auctor.ch\/sozialversicherungen-und-lohnbuchhaltung-fuer-kmu-in-der-schweiz\/#article","isPartOf":{"@id":"https:\/\/auctor.ch\/sozialversicherungen-und-lohnbuchhaltung-fuer-kmu-in-der-schweiz\/"},"author":{"name":"mhp_admin","@id":"https:\/\/auctor.ch\/#\/schema\/person\/f0a540937022e27ba6e047d0a67acd8e"},"headline":"Sozialversicherungen und Lohnbuchhaltung f\u00fcr KMU in der Schweiz","datePublished":"2025-08-11T07:25:45+00:00","dateModified":"2026-01-20T14:34:29+00:00","mainEntityOfPage":{"@id":"https:\/\/auctor.ch\/sozialversicherungen-und-lohnbuchhaltung-fuer-kmu-in-der-schweiz\/"},"wordCount":923,"publisher":{"@id":"https:\/\/auctor.ch\/#organization"},"articleSection":["Allgemein"],"inLanguage":"fr-FR"},{"@type":"WebPage","@id":"https:\/\/auctor.ch\/sozialversicherungen-und-lohnbuchhaltung-fuer-kmu-in-der-schweiz\/","url":"https:\/\/auctor.ch\/sozialversicherungen-und-lohnbuchhaltung-fuer-kmu-in-der-schweiz\/","name":"Sozialversicherungen und Lohnbuchhaltung f\u00fcr KMU in der Schweiz - Auctor Schwyz AG","isPartOf":{"@id":"https:\/\/auctor.ch\/#website"},"datePublished":"2025-08-11T07:25:45+00:00","dateModified":"2026-01-20T14:34:29+00:00","breadcrumb":{"@id":"https:\/\/auctor.ch\/sozialversicherungen-und-lohnbuchhaltung-fuer-kmu-in-der-schweiz\/#breadcrumb"},"inLanguage":"fr-FR","potentialAction":[{"@type":"ReadAction","target":["https:\/\/auctor.ch\/sozialversicherungen-und-lohnbuchhaltung-fuer-kmu-in-der-schweiz\/"]}]},{"@type":"BreadcrumbList","@id":"https:\/\/auctor.ch\/sozialversicherungen-und-lohnbuchhaltung-fuer-kmu-in-der-schweiz\/#breadcrumb","itemListElement":[{"@type":"ListItem","position":1,"name":"Startseite","item":"https:\/\/auctor.ch\/"},{"@type":"ListItem","position":2,"name":"Sozialversicherungen und Lohnbuchhaltung f\u00fcr KMU in der Schweiz"}]},{"@type":"WebSite","@id":"https:\/\/auctor.ch\/#website","url":"https:\/\/auctor.ch\/","name":"Auctor Schwyz AG","description":"Steuerberatung, Firmengr\u00fcndung, Buchf\u00fchrung in Wollerau und Schwyz","publisher":{"@id":"https:\/\/auctor.ch\/#organization"},"potentialAction":[{"@type":"SearchAction","target":{"@type":"EntryPoint","urlTemplate":"https:\/\/auctor.ch\/?s={search_term_string}"},"query-input":{"@type":"PropertyValueSpecification","valueRequired":true,"valueName":"search_term_string"}}],"inLanguage":"fr-FR"},{"@type":"Organization","@id":"https:\/\/auctor.ch\/#organization","name":"Auctor Schwyz AG","url":"https:\/\/auctor.ch\/","logo":{"@type":"ImageObject","inLanguage":"fr-FR","@id":"https:\/\/auctor.ch\/#\/schema\/logo\/image\/","url":"https:\/\/auctor.ch\/wp-content\/uploads\/2024\/08\/Logo.png","contentUrl":"https:\/\/auctor.ch\/wp-content\/uploads\/2024\/08\/Logo.png","width":198,"height":207,"caption":"Auctor Schwyz AG"},"image":{"@id":"https:\/\/auctor.ch\/#\/schema\/logo\/image\/"}},{"@type":"Person","@id":"https:\/\/auctor.ch\/#\/schema\/person\/f0a540937022e27ba6e047d0a67acd8e","name":"mhp_admin","image":{"@type":"ImageObject","inLanguage":"fr-FR","@id":"https:\/\/auctor.ch\/#\/schema\/person\/image\/","url":"https:\/\/secure.gravatar.com\/avatar\/536b29a27c027dfc83bcd53f2ab11428f2746dcafb21fa4ef5659065e70accb4?s=96&d=mm&r=g","contentUrl":"https:\/\/secure.gravatar.com\/avatar\/536b29a27c027dfc83bcd53f2ab11428f2746dcafb21fa4ef5659065e70accb4?s=96&d=mm&r=g","caption":"mhp_admin"},"sameAs":["https:\/\/auctor.ch"],"url":"https:\/\/auctor.ch\/fr\/author\/mhp_admin\/"}]}},"_links":{"self":[{"href":"https:\/\/auctor.ch\/fr\/wp-json\/wp\/v2\/posts\/3837","targetHints":{"allow":["GET"]}}],"collection":[{"href":"https:\/\/auctor.ch\/fr\/wp-json\/wp\/v2\/posts"}],"about":[{"href":"https:\/\/auctor.ch\/fr\/wp-json\/wp\/v2\/types\/post"}],"author":[{"embeddable":true,"href":"https:\/\/auctor.ch\/fr\/wp-json\/wp\/v2\/users\/1"}],"replies":[{"embeddable":true,"href":"https:\/\/auctor.ch\/fr\/wp-json\/wp\/v2\/comments?post=3837"}],"version-history":[{"count":17,"href":"https:\/\/auctor.ch\/fr\/wp-json\/wp\/v2\/posts\/3837\/revisions"}],"predecessor-version":[{"id":3914,"href":"https:\/\/auctor.ch\/fr\/wp-json\/wp\/v2\/posts\/3837\/revisions\/3914"}],"wp:attachment":[{"href":"https:\/\/auctor.ch\/fr\/wp-json\/wp\/v2\/media?parent=3837"}],"wp:term":[{"taxonomy":"category","embeddable":true,"href":"https:\/\/auctor.ch\/fr\/wp-json\/wp\/v2\/categories?post=3837"},{"taxonomy":"post_tag","embeddable":true,"href":"https:\/\/auctor.ch\/fr\/wp-json\/wp\/v2\/tags?post=3837"}],"curies":[{"name":"wp","href":"https:\/\/api.w.org\/{rel}","templated":true}]}}