{"id":3832,"date":"2025-08-11T09:06:38","date_gmt":"2025-08-11T07:06:38","guid":{"rendered":"https:\/\/auctor.ch\/?p=3832"},"modified":"2026-01-26T13:35:51","modified_gmt":"2026-01-26T12:35:51","slug":"impots-dans-le-canton-de-schwyz-guide-pratique-pour-les-particuliers","status":"publish","type":"post","link":"https:\/\/auctor.ch\/fr\/impots-dans-le-canton-de-schwyz-guide-pratique-pour-les-particuliers\/","title":{"rendered":"Imposition des personnes physiques dans le canton de Schwyz"},"content":{"rendered":"<div data-elementor-type=\"wp-post\" data-elementor-id=\"3832\" class=\"elementor elementor-3832\" data-elementor-post-type=\"post\">\n\t\t\t\t<div data-particle_enable=\"false\" data-particle-mobile-disabled=\"false\" class=\"elementor-element elementor-element-e0cc54f e-flex e-con-boxed e-con e-parent\" data-id=\"e0cc54f\" data-element_type=\"container\">\n\t\t\t\t\t<div class=\"e-con-inner\">\n\t\t\t\t<div class=\"elementor-element elementor-element-9c38de1 elementor-widget elementor-widget-html\" data-id=\"9c38de1\" data-element_type=\"widget\" data-widget_type=\"html.default\">\n\t\t\t\t\t\t<div class=\"elementor-widget-container\">\n\t\t\t\t\t<div class=\"auctor-blog-content\">\n<h1>Imposition des personnes physiques dans le canton de Schwyz<\/h1>\n    \n    <div class=\"auctor-info-box\">\n        <strong>Champ d'application :<\/strong> Personnes physiques ayant leur domicile fiscal ou s\u00e9journant dans le canton de Schwyz<br>\n        <strong>Bases juridiques :<\/strong> Loi fiscale du canton de Schwyz (StG SZ), Loi f\u00e9d\u00e9rale sur l'imp\u00f4t f\u00e9d\u00e9ral direct (LIFD)\n  <\/div>\n\n    <h2>Assujettissement \u00e0 l'imp\u00f4t dans le canton de Schwyz<\/h2>\n    \n    <p>L'obligation fiscale dans le canton de Schwyz est r\u00e9gie par les principes du droit fiscal suisse. Le canton pr\u00e9l\u00e8ve aussi bien des imp\u00f4ts cantonaux que l'imp\u00f4t f\u00e9d\u00e9ral direct. Une particularit\u00e9 du canton de Schwyz est l'absence d'imp\u00f4ts sur les successions et les donations.<\/p>\n\n    <p>L'assujettissement illimit\u00e9 existe en cas de domicile ou de s\u00e9jour dans le canton au regard du droit fiscal. Est consid\u00e9r\u00e9 comme s\u00e9jour un s\u00e9jour de plus de 90 jours avec activit\u00e9 lucrative ou de plus de 180 jours sans activit\u00e9 lucrative. L'assujettissement limit\u00e9 concerne les personnes ayant un rattachement \u00e9conomique, notamment en cas de possession d'immeubles ou d'\u00e9tablissements stables dans le canton.<\/p>\n\n    <table class=\"auctor-table-wrapper\">\n        <thead>\n            <tr>\n                <th>Type d'obligation fiscale<\/th>\n                <th>Conditions pr\u00e9alables<\/th>\n                <th>P\u00e9rim\u00e8tre d'imposition<\/th>\n            <\/tr>\n        <\/thead>\n        <tbody>\n            <tr>\n                <td>Obligation fiscale illimit\u00e9e<\/td>\n                <td>R\u00e9sidence ou s\u00e9jour qualifi\u00e9<\/td>\n                <td>Revenu et fortune mondiaux<\/td>\n            <\/tr>\n            <tr>\n                <td>Assujettissement limit\u00e9 \u00e0 l'imp\u00f4t<\/td>\n                <td>Appartenance \u00e9conomique<\/td>\n                <td>\u00c9l\u00e9ments de revenu et de fortune suisses<\/td>\n            <\/tr>\n            <tr>\n                <td>Retenue \u00e0 la source<\/td>\n                <td>Travailleurs \u00e9trangers sans permis d'\u00e9tablissement<\/td>\n                <td>Revenu d'activit\u00e9 dans le canton<\/td>\n            <\/tr>\n            <tr>\n                <td>Imposition forfaitaire<\/td>\n                <td>Ressortissants \u00e9trangers qualifi\u00e9s sans activit\u00e9 lucrative CH<\/td>\n                <td>Imposition d'apr\u00e8s la d\u00e9pense<\/td>\n            <\/tr>\n        <\/tbody>\n    <\/table>\n\n    <h2>D\u00e9claration d'imp\u00f4ts et proc\u00e9dure de taxation<\/h2>\n    \n  <p>La d\u00e9claration d'imp\u00f4t se fait par voie \u00e9lectronique via le portail eTax.SZ. La taxation centralis\u00e9e par le Service cantonal des contributions garantit des proc\u00e9dures uniformes pour les imp\u00f4ts cantonaux, communaux et f\u00e9d\u00e9raux. Le d\u00e9lai de d\u00e9p\u00f4t ordinaire se termine le 31 mars de l'ann\u00e9e suivante.<\/p>\n\n    <p>Des prolongations de d\u00e9lai peuvent \u00eatre demand\u00e9es jusqu'\u00e0 l'expiration du d\u00e9lai ordinaire.<\/p>\n\n    <h3>Proc\u00e9dure de soumission num\u00e9rique<\/h3>\n    \n    <p>L'enregistrement se fait au moyen du num\u00e9ro AVS via etax.sz.ch. Une fois l'enregistrement effectu\u00e9, un code d'activation est envoy\u00e9 par courrier. Le syst\u00e8me permet de reprendre les valeurs de l'ann\u00e9e pr\u00e9c\u00e9dente et offre un contr\u00f4le de plausibilit\u00e9 int\u00e9gr\u00e9. Les justificatifs doivent \u00eatre joints sous forme de fichiers PDF (10 Mo maximum par fichier).<\/p>\n\n    <h2>Optimisation fiscale gr\u00e2ce \u00e0 la pr\u00e9voyance<\/h2>\n    \n  <h3>Pilier 3a<\/h3>\n    \n    <p>Les montants maximaux d\u00e9ductibles pour la pr\u00e9voyance li\u00e9e s'\u00e9l\u00e8vent pour 2026 \u00e0 CHF 7'258 avec affiliation \u00e0 une caisse de pension ou \u00e0 CHF 36'288 sans affiliation \u00e0 une caisse de pension (au maximum 20% du revenu net de l'activit\u00e9 lucrative). Ces montants sont enti\u00e8rement d\u00e9ductibles, tant pour l'imp\u00f4t cantonal que pour l'imp\u00f4t f\u00e9d\u00e9ral.<\/p>\n\n    <div class=\"auctor-example-box\">\n        <strong>Conseil pratique :<\/strong>\n        Les versements doivent \u00eatre effectu\u00e9s au plus tard \u00e0 la mi-d\u00e9cembre afin de garantir la comptabilisation dans l'ann\u00e9e fiscale en cours.\n    <\/div>\n\n    <h3>Rachats de caisses de pension<\/h3>\n    \n    <p>Les rachats volontaires dans la pr\u00e9voyance professionnelle sont enti\u00e8rement d\u00e9ductibles du revenu imposable. Apr\u00e8s un rachat, un d\u00e9lai de blocage de trois ans s'applique aux retraits de capital. L'effet fiscal correspond au taux d'imposition marginal individuel et peut varier entre 20 et 35 pour cent du montant du rachat.<\/p>\n\n    <p>Lors de la planification des rachats de caisse de pension, il faut tenir compte de l'effet de la progressivit\u00e9. Un \u00e9talement des montants importants sur plusieurs ann\u00e9es fiscales peut optimiser l'\u00e9conomie d'imp\u00f4t.<\/p>\n\n  <h2>Imposition des biens immobiliers<\/h2>\n    \n    <p>La valeur locative est impos\u00e9e comme un revenu et s'\u00e9l\u00e8ve en r\u00e8gle g\u00e9n\u00e9rale \u00e0 65% du loyer du march\u00e9 local. En contrepartie, les int\u00e9r\u00eats passifs et les frais d'entretien sont d\u00e9ductibles. La d\u00e9limitation entre l'entretien d\u00e9ductible et les investissements \u00e0 valeur ajout\u00e9e non d\u00e9ductibles suit la jurisprudence du Tribunal f\u00e9d\u00e9ral.<\/p>\n\n    <p>Pour l'entretien des immeubles, il est possible de choisir chaque ann\u00e9e entre la d\u00e9duction forfaitaire et la d\u00e9duction des frais effectifs. La d\u00e9duction forfaitaire s'\u00e9l\u00e8ve \u00e0 10 % de la valeur locative pour les biens immobiliers de moins de 10 ans ou \u00e0 20 % pour les biens immobiliers plus anciens.<\/p>\n\n    <h2>Imposition en cas d'activit\u00e9 ind\u00e9pendante<\/h2>\n    \n    <p>Dans la politique de distribution des soci\u00e9t\u00e9s de capitaux, il faut optimiser entre salaire et dividende. Les dividendes provenant de participations qualifi\u00e9es sont soumis \u00e0 une imposition r\u00e9duite de 50 pour cent dans le canton de Schwyz et de 70 pour cent pour l'imp\u00f4t f\u00e9d\u00e9ral. L'assujettissement du salaire \u00e0 l'AVS doit \u00eatre pris en compte lors de l'optimisation.<\/p>\n\n    <table class=\"auctor-table-wrapper\">\n        <thead>\n            <tr>\n                <th>Forme de distribution<\/th>\n                <th>Traitement fiscal Canton<\/th>\n                <th>Traitement fiscal Conf\u00e9d\u00e9ration<\/th>\n                <th>Assurances sociales<\/th>\n            <\/tr>\n      <\/thead>\n        <tbody>\n            <tr>\n                <td>Salaire<\/td>\n                <td>100% contr\u00f4lable<\/td>\n                <td>100% contr\u00f4lable<\/td>\n                <td>Assujetti \u00e0 l'AVS\/AI\/APG\/AC<\/td>\n            <\/tr>\n            <tr>\n                <td>Dividende (qualifi\u00e9)<\/td>\n                <td>50% contr\u00f4lable<\/td>\n                <td>70% contr\u00f4lable<\/td>\n                <td>Pas d'obligation<\/td>\n            <\/tr>\n        <\/tbody>\n  <\/table>\n\n    <h2>Imposition de la famille et d\u00e9ductions<\/h2>\n    \n  <p>Les personnes mari\u00e9es sont tax\u00e9es conjointement. Dans le canton de Schwyz, un diviseur de 1,9 est appliqu\u00e9 pour att\u00e9nuer l'effet de la progression. L'imp\u00f4t f\u00e9d\u00e9ral conna\u00eet un bar\u00e8me s\u00e9par\u00e9 pour les personnes mari\u00e9es.<\/p>\n\n    <p>Les frais de garde d'enfants sont d\u00e9ductibles jusqu'\u00e0 CHF 8'000 par enfant et par an dans le canton de Schwyz (imp\u00f4t f\u00e9d\u00e9ral : CHF 25'800). La condition est la garde par un tiers des enfants de moins de 14 ans. Les d\u00e9penses doivent \u00eatre enti\u00e8rement document\u00e9es.<\/p>\n\n    <h2>Imposition forfaitaire<\/h2>\n    \n    <p>L'imposition forfaitaire est disponible pour les ressortissants \u00e9trangers lors de leur premi\u00e8re arriv\u00e9e ou apr\u00e8s un s\u00e9jour d'au moins dix ans \u00e0 l'\u00e9tranger. La condition est de renoncer \u00e0 toute activit\u00e9 lucrative en Suisse. La base d'imposition s'\u00e9l\u00e8ve au minimum \u00e0 600 000 CHF ou \u00e0 sept fois la valeur locative ou le loyer.<\/p>\n\n    <p>La proc\u00e9dure commence par une demande de ruling aupr\u00e8s de l'administration fiscale cantonale. La base d'imposition convenue est g\u00e9n\u00e9ralement valable pour trois ans. Un calcul de contr\u00f4le permet de s'assurer que l'imp\u00f4t forfaitaire correspond au moins \u00e0 l'imposition ordinaire sur les \u00e9l\u00e9ments suisses de revenu et de fortune.<\/p>\n\n    <div class=\"auctor-example-box\">\n        <strong>Conseil pratique :<\/strong>\n        L'exercice d'une activit\u00e9 lucrative, m\u00eame en home office pour un employeur \u00e9tranger, entra\u00eene la perte de l'imposition forfaitaire.\n    <\/div>\n\n    <h2>Imp\u00f4ts communaux<\/h2>\n    \n    <p>Les taux d'imposition communaux dans le canton de Schwyz varient entre 55 et 145 pour cent du taux d'imposition cantonal. Le choix de la commune de r\u00e9sidence a donc une influence consid\u00e9rable sur la charge fiscale totale.<\/p>\n\n    <table class=\"auctor-table-wrapper\">\n        <thead>\n            <tr>\n                <th>Commune<\/th>\n                <th>Taux d'imposition 2026<\/th>\n                <th>Caract\u00e9ristiques<\/th>\n            <\/tr>\n        <\/thead>\n        <tbody>\n            <tr>\n                <td>Wollerau<\/td>\n                <td>50%<\/td>\n                <td>Le taux d'imposition le plus bas du canton<\/td>\n            <\/tr>\n            <tr>\n                <td>Freienbach<\/td>\n                <td>50%<\/td>\n                <td>Deuxi\u00e8me taux d'imposition le plus bas<\/td>\n            <\/tr>\n            <tr>\n                <td>Feusisberg<\/td>\n                <td>60%<\/td>\n                <td>Troisi\u00e8me taux d'imposition le plus bas<\/td>\n            <\/tr>\n            <tr>\n                <td>Schwyz<\/td>\n                <td>140%<\/td>\n                <td>Chef-lieu de canton<\/td>\n            <\/tr>\n        <\/tbody>\n    <\/table>\n\n  <h2>Imp\u00f4t sur la fortune<\/h2>\n    \n    <p>L'imp\u00f4t sur la fortune s'\u00e9l\u00e8ve uniform\u00e9ment \u00e0 0,6 pour mille de la fortune imposable. Il s'agit de l'un des taux les plus bas en comparaison intercantonale.<\/p>\n\n    <h2>Imposition des versements en capital<\/h2>\n    \n    <p>Les versements en capital de la pr\u00e9voyance professionnelle et du pilier 3a sont impos\u00e9s \u00e0 un taux r\u00e9duit, s\u00e9par\u00e9ment des autres revenus. Un \u00e9chelonnement dans le temps des retraits de diff\u00e9rentes institutions de pr\u00e9voyance peut att\u00e9nuer la progressivit\u00e9.<\/p>\n\n    <h2>Imp\u00f4t \u00e0 la source<\/h2>\n    \n    <p>Les travailleurs \u00e9trangers sans permis d'\u00e9tablissement sont soumis \u00e0 l'imposition \u00e0 la source. Les taux d'imposition sont progressifs et tiennent compte de la situation familiale. A partir d'un revenu brut de 120'000 CHF par an, une taxation ordinaire ult\u00e9rieure est effectu\u00e9e.<\/p>\n\n    <h2>Protection juridique et proc\u00e9dure<\/h2>\n    \n    <p>Les d\u00e9cisions de taxation peuvent \u00eatre contest\u00e9es dans un d\u00e9lai de 30 jours aupr\u00e8s de l'administration fiscale cantonale. La d\u00e9cision sur r\u00e9clamation peut faire l'objet d'un recours aupr\u00e8s du tribunal administratif du canton de Schwyz. En mati\u00e8re d'imp\u00f4ts f\u00e9d\u00e9raux, un recours est possible aupr\u00e8s du Tribunal f\u00e9d\u00e9ral.<\/p>\n\n<\/div>\n\t\t\t\t<\/div>\n\t\t\t\t<\/div>\n\t\t\t\t\t<\/div>\n\t\t\t\t<\/div>\n\t\t\t\t<\/div>","protected":false},"excerpt":{"rendered":"<p>Besteuerung nat\u00fcrlicher Personen im Kanton Schwyz Geltungsbereich: Nat\u00fcrliche Personen mit steuerrechtlichem Wohnsitz oder Aufenthalt im Kanton Schwyz Rechtsgrundlagen: Steuergesetz des Kantons Schwyz (StG SZ), Bundesgesetz \u00fcber die direkte Bundessteuer (DBG) Steuerpflicht im Kanton Schwyz Die Steuerpflicht im Kanton Schwyz richtet sich nach den Grunds\u00e4tzen des schweizerischen Steuerrechts. Der Kanton erhebt sowohl kantonale Steuern als auch [&hellip;]<\/p>","protected":false},"author":1,"featured_media":0,"comment_status":"closed","ping_status":"closed","sticky":false,"template":"","format":"standard","meta":{"site-sidebar-layout":"default","site-content-layout":"","ast-site-content-layout":"default","site-content-style":"default","site-sidebar-style":"default","ast-global-header-display":"","ast-banner-title-visibility":"","ast-main-header-display":"","ast-hfb-above-header-display":"","ast-hfb-below-header-display":"","ast-hfb-mobile-header-display":"","site-post-title":"","ast-breadcrumbs-content":"","ast-featured-img":"","footer-sml-layout":"","theme-transparent-header-meta":"","adv-header-id-meta":"","stick-header-meta":"","header-above-stick-meta":"","header-main-stick-meta":"","header-below-stick-meta":"","astra-migrate-meta-layouts":"set","ast-page-background-enabled":"default","ast-page-background-meta":{"desktop":{"background-color":"","background-image":"","background-repeat":"repeat","background-position":"center center","background-size":"auto","background-attachment":"scroll","background-type":"","background-media":"","overlay-type":"","overlay-color":"","overlay-opacity":"","overlay-gradient":""},"tablet":{"background-color":"","background-image":"","background-repeat":"repeat","background-position":"center center","background-size":"auto","background-attachment":"scroll","background-type":"","background-media":"","overlay-type":"","overlay-color":"","overlay-opacity":"","overlay-gradient":""},"mobile":{"background-color":"","background-image":"","background-repeat":"repeat","background-position":"center center","background-size":"auto","background-attachment":"scroll","background-type":"","background-media":"","overlay-type":"","overlay-color":"","overlay-opacity":"","overlay-gradient":""}},"ast-content-background-meta":{"desktop":{"background-color":"var(--ast-global-color-5)","background-image":"","background-repeat":"repeat","background-position":"center center","background-size":"auto","background-attachment":"scroll","background-type":"","background-media":"","overlay-type":"","overlay-color":"","overlay-opacity":"","overlay-gradient":""},"tablet":{"background-color":"var(--ast-global-color-5)","background-image":"","background-repeat":"repeat","background-position":"center center","background-size":"auto","background-attachment":"scroll","background-type":"","background-media":"","overlay-type":"","overlay-color":"","overlay-opacity":"","overlay-gradient":""},"mobile":{"background-color":"var(--ast-global-color-5)","background-image":"","background-repeat":"repeat","background-position":"center center","background-size":"auto","background-attachment":"scroll","background-type":"","background-media":"","overlay-type":"","overlay-color":"","overlay-opacity":"","overlay-gradient":""}},"footnotes":""},"categories":[1],"tags":[],"class_list":["post-3832","post","type-post","status-publish","format-standard","hentry","category-allgemein"],"yoast_head":"<!-- This site is optimized with the Yoast SEO plugin v25.4 - https:\/\/yoast.com\/wordpress\/plugins\/seo\/ -->\n<title>Besteuerung nat\u00fcrlicher Personen im Kanton Schwyz - Auctor Schwyz AG<\/title>\n<meta name=\"robots\" content=\"noindex, nofollow\" \/>\n<meta property=\"og:locale\" content=\"fr_FR\" \/>\n<meta property=\"og:type\" content=\"article\" \/>\n<meta property=\"og:title\" content=\"Besteuerung nat\u00fcrlicher Personen im Kanton Schwyz - Auctor Schwyz AG\" \/>\n<meta property=\"og:description\" content=\"Besteuerung nat\u00fcrlicher Personen im Kanton Schwyz Geltungsbereich: Nat\u00fcrliche Personen mit steuerrechtlichem Wohnsitz oder Aufenthalt im Kanton Schwyz Rechtsgrundlagen: Steuergesetz des Kantons Schwyz (StG SZ), Bundesgesetz \u00fcber die direkte Bundessteuer (DBG) Steuerpflicht im Kanton Schwyz Die Steuerpflicht im Kanton Schwyz richtet sich nach den Grunds\u00e4tzen des schweizerischen Steuerrechts. Der Kanton erhebt sowohl kantonale Steuern als auch [&hellip;]\" \/>\n<meta property=\"og:url\" content=\"https:\/\/auctor.ch\/fr\/impots-dans-le-canton-de-schwyz-guide-pratique-pour-les-particuliers\/\" \/>\n<meta property=\"og:site_name\" content=\"Auctor Schwyz AG\" \/>\n<meta property=\"article:published_time\" content=\"2025-08-11T07:06:38+00:00\" \/>\n<meta property=\"article:modified_time\" content=\"2026-01-26T12:35:51+00:00\" \/>\n<meta name=\"author\" content=\"mhp_admin\" \/>\n<meta name=\"twitter:card\" content=\"summary_large_image\" \/>\n<meta name=\"twitter:label1\" content=\"Written by\" \/>\n\t<meta name=\"twitter:data1\" content=\"mhp_admin\" \/>\n<script type=\"application\/ld+json\" class=\"yoast-schema-graph\">{\"@context\":\"https:\/\/schema.org\",\"@graph\":[{\"@type\":\"Article\",\"@id\":\"https:\/\/auctor.ch\/steuern-im-kanton-schwyz-praktischer-leitfaden-fuer-privatpersonen\/#article\",\"isPartOf\":{\"@id\":\"https:\/\/auctor.ch\/steuern-im-kanton-schwyz-praktischer-leitfaden-fuer-privatpersonen\/\"},\"author\":{\"name\":\"mhp_admin\",\"@id\":\"https:\/\/auctor.ch\/#\/schema\/person\/f0a540937022e27ba6e047d0a67acd8e\"},\"headline\":\"Besteuerung nat\u00fcrlicher Personen im Kanton Schwyz\",\"datePublished\":\"2025-08-11T07:06:38+00:00\",\"dateModified\":\"2026-01-26T12:35:51+00:00\",\"mainEntityOfPage\":{\"@id\":\"https:\/\/auctor.ch\/steuern-im-kanton-schwyz-praktischer-leitfaden-fuer-privatpersonen\/\"},\"wordCount\":889,\"publisher\":{\"@id\":\"https:\/\/auctor.ch\/#organization\"},\"articleSection\":[\"Allgemein\"],\"inLanguage\":\"fr-FR\"},{\"@type\":\"WebPage\",\"@id\":\"https:\/\/auctor.ch\/steuern-im-kanton-schwyz-praktischer-leitfaden-fuer-privatpersonen\/\",\"url\":\"https:\/\/auctor.ch\/steuern-im-kanton-schwyz-praktischer-leitfaden-fuer-privatpersonen\/\",\"name\":\"Besteuerung nat\u00fcrlicher Personen im Kanton Schwyz - Auctor Schwyz AG\",\"isPartOf\":{\"@id\":\"https:\/\/auctor.ch\/#website\"},\"datePublished\":\"2025-08-11T07:06:38+00:00\",\"dateModified\":\"2026-01-26T12:35:51+00:00\",\"breadcrumb\":{\"@id\":\"https:\/\/auctor.ch\/steuern-im-kanton-schwyz-praktischer-leitfaden-fuer-privatpersonen\/#breadcrumb\"},\"inLanguage\":\"fr-FR\",\"potentialAction\":[{\"@type\":\"ReadAction\",\"target\":[\"https:\/\/auctor.ch\/steuern-im-kanton-schwyz-praktischer-leitfaden-fuer-privatpersonen\/\"]}]},{\"@type\":\"BreadcrumbList\",\"@id\":\"https:\/\/auctor.ch\/steuern-im-kanton-schwyz-praktischer-leitfaden-fuer-privatpersonen\/#breadcrumb\",\"itemListElement\":[{\"@type\":\"ListItem\",\"position\":1,\"name\":\"Startseite\",\"item\":\"https:\/\/auctor.ch\/\"},{\"@type\":\"ListItem\",\"position\":2,\"name\":\"Besteuerung nat\u00fcrlicher Personen im Kanton Schwyz\"}]},{\"@type\":\"WebSite\",\"@id\":\"https:\/\/auctor.ch\/#website\",\"url\":\"https:\/\/auctor.ch\/\",\"name\":\"Auctor Schwyz AG\",\"description\":\"Steuerberatung, Firmengr\u00fcndung, Buchf\u00fchrung in Wollerau und Schwyz\",\"publisher\":{\"@id\":\"https:\/\/auctor.ch\/#organization\"},\"potentialAction\":[{\"@type\":\"SearchAction\",\"target\":{\"@type\":\"EntryPoint\",\"urlTemplate\":\"https:\/\/auctor.ch\/?s={search_term_string}\"},\"query-input\":{\"@type\":\"PropertyValueSpecification\",\"valueRequired\":true,\"valueName\":\"search_term_string\"}}],\"inLanguage\":\"fr-FR\"},{\"@type\":\"Organization\",\"@id\":\"https:\/\/auctor.ch\/#organization\",\"name\":\"Auctor Schwyz AG\",\"url\":\"https:\/\/auctor.ch\/\",\"logo\":{\"@type\":\"ImageObject\",\"inLanguage\":\"fr-FR\",\"@id\":\"https:\/\/auctor.ch\/#\/schema\/logo\/image\/\",\"url\":\"https:\/\/auctor.ch\/wp-content\/uploads\/2024\/08\/Logo.png\",\"contentUrl\":\"https:\/\/auctor.ch\/wp-content\/uploads\/2024\/08\/Logo.png\",\"width\":198,\"height\":207,\"caption\":\"Auctor Schwyz AG\"},\"image\":{\"@id\":\"https:\/\/auctor.ch\/#\/schema\/logo\/image\/\"}},{\"@type\":\"Person\",\"@id\":\"https:\/\/auctor.ch\/#\/schema\/person\/f0a540937022e27ba6e047d0a67acd8e\",\"name\":\"mhp_admin\",\"image\":{\"@type\":\"ImageObject\",\"inLanguage\":\"fr-FR\",\"@id\":\"https:\/\/auctor.ch\/#\/schema\/person\/image\/\",\"url\":\"https:\/\/secure.gravatar.com\/avatar\/536b29a27c027dfc83bcd53f2ab11428f2746dcafb21fa4ef5659065e70accb4?s=96&d=mm&r=g\",\"contentUrl\":\"https:\/\/secure.gravatar.com\/avatar\/536b29a27c027dfc83bcd53f2ab11428f2746dcafb21fa4ef5659065e70accb4?s=96&d=mm&r=g\",\"caption\":\"mhp_admin\"},\"sameAs\":[\"https:\/\/auctor.ch\"],\"url\":\"https:\/\/auctor.ch\/fr\/author\/mhp_admin\/\"}]}<\/script>\n<!-- \/ Yoast SEO plugin. -->","yoast_head_json":{"title":"Besteuerung nat\u00fcrlicher Personen im Kanton Schwyz - Auctor Schwyz AG","robots":{"index":"noindex","follow":"nofollow"},"og_locale":"fr_FR","og_type":"article","og_title":"Besteuerung nat\u00fcrlicher Personen im Kanton Schwyz - Auctor Schwyz AG","og_description":"Besteuerung nat\u00fcrlicher Personen im Kanton Schwyz Geltungsbereich: Nat\u00fcrliche Personen mit steuerrechtlichem Wohnsitz oder Aufenthalt im Kanton Schwyz Rechtsgrundlagen: Steuergesetz des Kantons Schwyz (StG SZ), Bundesgesetz \u00fcber die direkte Bundessteuer (DBG) Steuerpflicht im Kanton Schwyz Die Steuerpflicht im Kanton Schwyz richtet sich nach den Grunds\u00e4tzen des schweizerischen Steuerrechts. Der Kanton erhebt sowohl kantonale Steuern als auch [&hellip;]","og_url":"https:\/\/auctor.ch\/fr\/impots-dans-le-canton-de-schwyz-guide-pratique-pour-les-particuliers\/","og_site_name":"Auctor Schwyz AG","article_published_time":"2025-08-11T07:06:38+00:00","article_modified_time":"2026-01-26T12:35:51+00:00","author":"mhp_admin","twitter_card":"summary_large_image","twitter_misc":{"Written by":"mhp_admin"},"schema":{"@context":"https:\/\/schema.org","@graph":[{"@type":"Article","@id":"https:\/\/auctor.ch\/steuern-im-kanton-schwyz-praktischer-leitfaden-fuer-privatpersonen\/#article","isPartOf":{"@id":"https:\/\/auctor.ch\/steuern-im-kanton-schwyz-praktischer-leitfaden-fuer-privatpersonen\/"},"author":{"name":"mhp_admin","@id":"https:\/\/auctor.ch\/#\/schema\/person\/f0a540937022e27ba6e047d0a67acd8e"},"headline":"Besteuerung nat\u00fcrlicher Personen im Kanton Schwyz","datePublished":"2025-08-11T07:06:38+00:00","dateModified":"2026-01-26T12:35:51+00:00","mainEntityOfPage":{"@id":"https:\/\/auctor.ch\/steuern-im-kanton-schwyz-praktischer-leitfaden-fuer-privatpersonen\/"},"wordCount":889,"publisher":{"@id":"https:\/\/auctor.ch\/#organization"},"articleSection":["Allgemein"],"inLanguage":"fr-FR"},{"@type":"WebPage","@id":"https:\/\/auctor.ch\/steuern-im-kanton-schwyz-praktischer-leitfaden-fuer-privatpersonen\/","url":"https:\/\/auctor.ch\/steuern-im-kanton-schwyz-praktischer-leitfaden-fuer-privatpersonen\/","name":"Besteuerung nat\u00fcrlicher Personen im Kanton Schwyz - Auctor Schwyz AG","isPartOf":{"@id":"https:\/\/auctor.ch\/#website"},"datePublished":"2025-08-11T07:06:38+00:00","dateModified":"2026-01-26T12:35:51+00:00","breadcrumb":{"@id":"https:\/\/auctor.ch\/steuern-im-kanton-schwyz-praktischer-leitfaden-fuer-privatpersonen\/#breadcrumb"},"inLanguage":"fr-FR","potentialAction":[{"@type":"ReadAction","target":["https:\/\/auctor.ch\/steuern-im-kanton-schwyz-praktischer-leitfaden-fuer-privatpersonen\/"]}]},{"@type":"BreadcrumbList","@id":"https:\/\/auctor.ch\/steuern-im-kanton-schwyz-praktischer-leitfaden-fuer-privatpersonen\/#breadcrumb","itemListElement":[{"@type":"ListItem","position":1,"name":"Startseite","item":"https:\/\/auctor.ch\/"},{"@type":"ListItem","position":2,"name":"Besteuerung nat\u00fcrlicher Personen im Kanton Schwyz"}]},{"@type":"WebSite","@id":"https:\/\/auctor.ch\/#website","url":"https:\/\/auctor.ch\/","name":"Auctor Schwyz AG","description":"Steuerberatung, Firmengr\u00fcndung, Buchf\u00fchrung in Wollerau und Schwyz","publisher":{"@id":"https:\/\/auctor.ch\/#organization"},"potentialAction":[{"@type":"SearchAction","target":{"@type":"EntryPoint","urlTemplate":"https:\/\/auctor.ch\/?s={search_term_string}"},"query-input":{"@type":"PropertyValueSpecification","valueRequired":true,"valueName":"search_term_string"}}],"inLanguage":"fr-FR"},{"@type":"Organization","@id":"https:\/\/auctor.ch\/#organization","name":"Auctor Schwyz AG","url":"https:\/\/auctor.ch\/","logo":{"@type":"ImageObject","inLanguage":"fr-FR","@id":"https:\/\/auctor.ch\/#\/schema\/logo\/image\/","url":"https:\/\/auctor.ch\/wp-content\/uploads\/2024\/08\/Logo.png","contentUrl":"https:\/\/auctor.ch\/wp-content\/uploads\/2024\/08\/Logo.png","width":198,"height":207,"caption":"Auctor Schwyz AG"},"image":{"@id":"https:\/\/auctor.ch\/#\/schema\/logo\/image\/"}},{"@type":"Person","@id":"https:\/\/auctor.ch\/#\/schema\/person\/f0a540937022e27ba6e047d0a67acd8e","name":"mhp_admin","image":{"@type":"ImageObject","inLanguage":"fr-FR","@id":"https:\/\/auctor.ch\/#\/schema\/person\/image\/","url":"https:\/\/secure.gravatar.com\/avatar\/536b29a27c027dfc83bcd53f2ab11428f2746dcafb21fa4ef5659065e70accb4?s=96&d=mm&r=g","contentUrl":"https:\/\/secure.gravatar.com\/avatar\/536b29a27c027dfc83bcd53f2ab11428f2746dcafb21fa4ef5659065e70accb4?s=96&d=mm&r=g","caption":"mhp_admin"},"sameAs":["https:\/\/auctor.ch"],"url":"https:\/\/auctor.ch\/fr\/author\/mhp_admin\/"}]}},"_links":{"self":[{"href":"https:\/\/auctor.ch\/fr\/wp-json\/wp\/v2\/posts\/3832","targetHints":{"allow":["GET"]}}],"collection":[{"href":"https:\/\/auctor.ch\/fr\/wp-json\/wp\/v2\/posts"}],"about":[{"href":"https:\/\/auctor.ch\/fr\/wp-json\/wp\/v2\/types\/post"}],"author":[{"embeddable":true,"href":"https:\/\/auctor.ch\/fr\/wp-json\/wp\/v2\/users\/1"}],"replies":[{"embeddable":true,"href":"https:\/\/auctor.ch\/fr\/wp-json\/wp\/v2\/comments?post=3832"}],"version-history":[{"count":32,"href":"https:\/\/auctor.ch\/fr\/wp-json\/wp\/v2\/posts\/3832\/revisions"}],"predecessor-version":[{"id":3936,"href":"https:\/\/auctor.ch\/fr\/wp-json\/wp\/v2\/posts\/3832\/revisions\/3936"}],"wp:attachment":[{"href":"https:\/\/auctor.ch\/fr\/wp-json\/wp\/v2\/media?parent=3832"}],"wp:term":[{"taxonomy":"category","embeddable":true,"href":"https:\/\/auctor.ch\/fr\/wp-json\/wp\/v2\/categories?post=3832"},{"taxonomy":"post_tag","embeddable":true,"href":"https:\/\/auctor.ch\/fr\/wp-json\/wp\/v2\/tags?post=3832"}],"curies":[{"name":"wp","href":"https:\/\/api.w.org\/{rel}","templated":true}]}}