{"id":3837,"date":"2025-08-11T09:25:45","date_gmt":"2025-08-11T07:25:45","guid":{"rendered":"https:\/\/auctor.ch\/?p=3837"},"modified":"2026-01-20T15:34:29","modified_gmt":"2026-01-20T14:34:29","slug":"sozialversicherungen-und-lohnbuchhaltung-fuer-kmu-in-der-schweiz","status":"publish","type":"post","link":"https:\/\/auctor.ch\/de\/sozialversicherungen-und-lohnbuchhaltung-fuer-kmu-in-der-schweiz\/","title":{"rendered":"Sozialversicherungen und Lohnbuchhaltung f\u00fcr KMU in der Schweiz"},"content":{"rendered":"\t\t<div data-elementor-type=\"wp-post\" data-elementor-id=\"3837\" class=\"elementor elementor-3837\" data-elementor-post-type=\"post\">\n\t\t\t\t<div data-particle_enable=\"false\" data-particle-mobile-disabled=\"false\" class=\"elementor-element elementor-element-e0cc54f e-flex e-con-boxed e-con e-parent\" data-id=\"e0cc54f\" data-element_type=\"container\">\n\t\t\t\t\t<div class=\"e-con-inner\">\n\t\t\t\t<div class=\"elementor-element elementor-element-9c38de1 elementor-widget elementor-widget-html\" data-id=\"9c38de1\" data-element_type=\"widget\" data-widget_type=\"html.default\">\n\t\t\t\t\t\t<div class=\"elementor-widget-container\">\n\t\t\t\t\t<div class=\"auctor-blog-content\">\n <h1>Sozialversicherungen und Lohnbuchhaltung f\u00fcr KMU in der Schweiz<\/h1>\n    \n    <h2>Grundlagen der Sozialversicherungspflichten<\/h2>\n    \n    <p>Die Lohnbuchhaltung in der Schweiz unterliegt einem komplexen Regelwerk von Sozialversicherungspflichten. Unternehmen m\u00fcssen verschiedene obligatorische Versicherungen abschliessen und verwalten, deren Beitr\u00e4ge zwischen Arbeitgeber und Arbeitnehmer aufgeteilt werden.<\/p>\n    \n    <p>Die zentralen Sozialversicherungen umfassen die AHV\/IV\/EO (Alters- und Hinterlassenenversicherung, Invalidenversicherung, Erwerbsersatzordnung), die Arbeitslosenversicherung (ALV), die Unfallversicherung (UVG) sowie die berufliche Vorsorge (BVG). Zus\u00e4tzlich bestehen kantonale Regelungen f\u00fcr Familienzulagen (FAK) und je nach Gesamtarbeitsvertrag weitere Verpflichtungen wie die Krankentaggeldversicherung (KTG).<\/p>\n    \n    <h2>Registrierung und Anmeldeprozesse<\/h2>\n    \n    <p>Vor der ersten Lohnzahlung m\u00fcssen Unternehmen bei der zust\u00e4ndigen AHV-Ausgleichskasse registriert sein. Die Wahl der Ausgleichskasse erfolgt entweder \u00fcber den Branchenverband oder die kantonale Ausgleichskasse. Die Anmeldung bei der Unfallversicherung richtet sich nach der Branchenzugeh\u00f6rigkeit: Bestimmte Branchen wie Bau, Industrie oder Gastronomie sind bei der Suva versicherungspflichtig, andere k\u00f6nnen einen privaten Versicherer w\u00e4hlen.<\/p>\n    \n    <p>Die Pensionskassenanmeldung wird relevant, sobald Mitarbeitende die BVG-Eintrittsschwelle von CHF 22'680 Jahreslohn erreichen. Die Registrierung f\u00fcr die Quellensteuer erfolgt beim kantonalen Steueramt und betrifft alle ausl\u00e4ndischen Mitarbeitenden ohne Niederlassungsbewilligung C.<\/p>\n    \n    <h2>Versicherungsobligatorien nach Mitarbeiterkategorie<\/h2>\n    \n    <h3>BVG-Versicherungspflicht<\/h3>\n    \n    <p>Die berufliche Vorsorge ist f\u00fcr Arbeitnehmende ab einem Jahreslohn von CHF 22'680 obligatorisch. Die Versicherungspflicht differenziert nach Alter: Mitarbeitende unter 17 Jahren sind nicht versichert, zwischen 17 und 24 Jahren besteht nur eine Risikoversicherung f\u00fcr Tod und Invalidit\u00e4t, ab 25 Jahren erfolgt zus\u00e4tzlich das Alterssparen. Nach Erreichen des ordentlichen Rentenalters entf\u00e4llt die Versicherungspflicht.<\/p>\n    \n    <h3>Unfallversicherung<\/h3>\n    \n    <p>Die Berufsunfallversicherung (BU) ist f\u00fcr alle Arbeitnehmenden unabh\u00e4ngig vom Besch\u00e4ftigungsgrad obligatorisch. Die Nichtberufsunfallversicherung (NBU) wird ab einer w\u00f6chentlichen Arbeitszeit von 8 Stunden pflichtig. Die Pr\u00e4mien der BU tr\u00e4gt vollst\u00e4ndig der Arbeitgeber, w\u00e4hrend die NBU-Pr\u00e4mien standardm\u00e4ssig vom Arbeitnehmer getragen werden.<\/p>\n    \n    <div class=\"praxis-box\">\n        <strong>Praxishinweis:<\/strong>\n        Bei mehreren Teilzeitanstellungen werden die Arbeitsstunden f\u00fcr die NBU-Pflicht zusammengez\u00e4hlt. Dies ist bei der Versicherungsanmeldung zu ber\u00fccksichtigen.\n    <\/div>\n    \n    <h2>Beitragss\u00e4tze und Kostenstruktur<\/h2>\n    \n    <p>Die Sozialversicherungsbeitr\u00e4ge setzen sich aus verschiedenen Komponenten zusammen:<\/p>\n    \n    <table class=\"auctor-table-wrapper\">\n        <thead>\n            <tr>\n                <th>Versicherung<\/th>\n                <th>Arbeitgeber-Anteil<\/th>\n                <th>Arbeitnehmer-Anteil<\/th>\n                <th>Bemessungsgrundlage<\/th>\n            <\/tr>\n        <\/thead>\n        <tbody>\n            <tr>\n                <td>AHV\/IV\/EO<\/td>\n                <td>5.3%<\/td>\n                <td>5.3%<\/td>\n                <td>Gesamter Lohn<\/td>\n            <\/tr>\n            <tr>\n                <td>ALV<\/td>\n                <td>1.1%<\/td>\n                <td>1.1%<\/td>\n                <td>Bis CHF 148'200, dar\u00fcber 0.5%<\/td>\n            <\/tr>\n            <tr>\n                <td>FAK<\/td>\n                <td>0.5-3%<\/td>\n                <td>0-1.5%<\/td>\n                <td>Kantonal unterschiedlich<\/td>\n            <\/tr>\n            <tr>\n                <td>UVG BU<\/td>\n                <td>0.5-3%<\/td>\n                <td>0%<\/td>\n                <td>Nach Gefahrenklasse<\/td>\n            <\/tr>\n            <tr>\n                <td>UVG NBU<\/td>\n                <td>0%<\/td>\n                <td>1-2%<\/td>\n                <td>Nach Versicherer<\/td>\n            <\/tr>\n            <tr>\n                <td>BVG<\/td>\n                <td>Mind. 50%<\/td>\n                <td>Mind. 50%<\/td>\n                <td>Koordinierter Lohn<\/td>\n            <\/tr>\n        <\/tbody>\n    <\/table>\n    \n    <p>Die effektiven Lohnnebenkosten f\u00fcr Arbeitgeber bewegen sich typischerweise zwischen 10% und 20% der Bruttolohnsumme, abh\u00e4ngig von der gew\u00e4hlten Pensionskassenl\u00f6sung und den branchenspezifischen Unfallversicherungspr\u00e4mien.<\/p>\n    \n    <h2>Fristen und Meldepflichten<\/h2>\n    \n    <p>Die Lohnbuchhaltung unterliegt verschiedenen zeitlichen Vorgaben. Monatliche Verpflichtungen umfassen die Lohnzahlung (\u00fcblicherweise am 25. des Monats) und die Quellensteuerabrechnung (bis zum 30. des Folgemonats). Quartalsweise erfolgt die AHV\/IV\/EO\/ALV-Abrechnung mit der Ausgleichskasse.<\/p>\n    \n    <p>J\u00e4hrliche Meldepflichten konzentrieren sich auf den Januar: Lohnausweise m\u00fcssen bis zum 31. Januar erstellt werden, die AHV-Jahreslohnmeldung erfolgt elektronisch bis zum 30. Januar. Die BVG-Lohnmeldung und UVG-Lohndeklaration sind ebenfalls Ende Januar f\u00e4llig.<\/p>\n    \n    <h2>Pensionskassenwahl: Entscheidungskriterien<\/h2>\n    \n    <p>Bei der Auswahl einer Pensionskasse sind verschiedene Faktoren zu ber\u00fccksichtigen. Der Deckungsgrad sollte \u00fcber 100% liegen, um Sanierungsmassnahmen zu vermeiden. Der Umwandlungssatz betr\u00e4gt im Obligatorium 6.8%, kann im \u00fcberobligatorischen Bereich jedoch deutlich tiefer ausfallen.<\/p>\n    \n    <p>Die Verwaltungskosten variieren zwischen CHF 100 und CHF 400 pro versicherte Person j\u00e4hrlich. Zus\u00e4tzlich sind die Risikoleistungen (IV-Rente, Todesfallkapital) und die Flexibilit\u00e4t bez\u00fcglich Planwechsel und Einkaufsm\u00f6glichkeiten zu evaluieren.<\/p>\n    \n    <div class=\"auctor-example-box\">\n        <strong>Praxishinweis:<\/strong>\n        F\u00fcr einen aussagekr\u00e4ftigen Angebotsvergleich sollten allen Anbietern identische Parameter vorgegeben werden (Sparbeitr\u00e4ge, Koordinationsabzug, Risikoleistungen).\n    <\/div>\n    \n    <h2>Krankentaggeldversicherung<\/h2>\n    \n    <p>Die KTG-Versicherung ist nicht obligatorisch, kann jedoch die Lohnfortzahlungspflicht gem\u00e4ss OR 324a abdecken. Ohne KTG tr\u00e4gt der Arbeitgeber das volle Risiko der Lohnfortzahlung bei Krankheit. Die Versicherung \u00fcbernimmt nach einer vereinbarten Wartefrist 80% oder 100% des Lohnes f\u00fcr maximal 730 Tage.<\/p>\n    \n    <p>Die Wartefrist beeinflusst massgeblich die Pr\u00e4mienh\u00f6he: Eine 14-t\u00e4gige Wartefrist resultiert in Pr\u00e4mien von 2.5-3.5% der Lohnsumme, w\u00e4hrend eine 90-t\u00e4gige Wartefrist die Kosten auf 0.8-1.2% reduziert. Die Wahl der Wartefrist sollte die Liquidit\u00e4tssituation des Unternehmens ber\u00fccksichtigen.<\/p>\n    \n    <h2>Spezialregelungen f\u00fcr ausl\u00e4ndische Mitarbeitende<\/h2>\n    \n    <p>Ausl\u00e4ndische Mitarbeitende ohne C-Bewilligung unterliegen der Quellenbesteuerung. Der Steuertarif variiert nach Kanton, Zivilstand und Kirchenzugeh\u00f6rigkeit. Die Anmeldung beim kantonalen Steueramt muss innerhalb von 8 Tagen nach Stellenantritt erfolgen.<\/p>\n    \n    <p>Grenzg\u00e4nger mit G-Bewilligung unterliegen einem reduzierten Quellensteuersatz von 4.5%, da die Hauptbesteuerung im Wohnsitzland erfolgt. Die Sozialversicherungspflichten entsprechen denjenigen f\u00fcr Schweizer Mitarbeitende.<\/p>\n    \n    <h2>Rechtsformspezifische Besonderheiten<\/h2>\n    \n    <p>Die Sozialversicherungspflichten variieren je nach Rechtsform des Unternehmens. Inhaber von Kapitalgesellschaften (GmbH, AG) gelten als Angestellte ihrer eigenen Firma und unterliegen allen Sozialversicherungspflichten. Inhaber von Personengesellschaften (Einzelfirma, Kollektivgesellschaft) sind selbstst\u00e4ndigerwerbend und nur AHV\/IV\/EO-pflichtig.<\/p>\n    \n    <p>Verwaltungsratshonorare unterliegen ab CHF 2'300 pro Jahr der AHV-Pflicht, jedoch \u00fcblicherweise nicht der BVG-Versicherungspflicht.<\/p>\n    \n    <h2>Anforderungen an die Lohnsoftware<\/h2>\n    \n    <p>Eine professionelle Lohnsoftware muss verschiedene technische und regulatorische Anforderungen erf\u00fcllen. Die Swissdec-Zertifizierung erm\u00f6glicht elektronische Lohnmeldungen (ELM) an alle relevanten Versicherungen und Beh\u00f6rden. Automatische Updates gew\u00e4hrleisten die Aktualit\u00e4t von Grenzwerten und Tarifen.<\/p>\n    \n    <p>Weitere essenzielle Funktionen umfassen ein Quellensteuer-Modul mit kantonalen Tarifen, die automatisierte Dokumentenerstellung (Lohnausweise, Arbeitgeberbescheinigungen) sowie Schnittstellen zur Finanzbuchhaltung und Zeiterfassungssystemen.<\/p>\n    \n    <h2>Prozessablauf der monatlichen Lohnabrechnung<\/h2>\n    \n    <p>Der monatliche Lohnlauf folgt einem standardisierten Ablauf: Nach der Aktualisierung der Stammdaten werden variable Lohnbestandteile wie Arbeitsstunden, Absenzen und Spesen erfasst. Ein Kontrolllauf erm\u00f6glicht die Plausibilit\u00e4tspr\u00fcfung vor der definitiven Verbuchung.<\/p>\n    \n    <p>Nach der Freigabe werden die Lohnzahlungen ausgel\u00f6st und die Lohnabrechnungen an die Mitarbeitenden verteilt. Die Integration in die Finanzbuchhaltung erfolgt \u00fcber den Export des Lohnjournals.<\/p>\n    \n    <h2>Versichererwechsel und K\u00fcndigungsfristen<\/h2>\n    \n    <p>Die M\u00f6glichkeiten zum Versichererwechsel unterscheiden sich je nach Sozialversicherung. Die AHV-Ausgleichskasse kann nicht gewechselt werden. Die Pensionskasse ist per Jahresende mit 6 Monaten K\u00fcndigungsfrist k\u00fcndbar. Die Unfallversicherung kann j\u00e4hrlich gewechselt werden, ausgenommen sind Suva-Pflichtbetriebe. Die Krankentaggeldversicherung unterliegt vertragsspezifischen K\u00fcndigungsfristen, \u00fcblicherweise 3 Monate.<\/p>\n    \n    <div class=\"auctor-example-box\">\n        <strong>Praxishinweis:<\/strong>\n        Bei einem KTG-Versichererwechsel sollte die Zusage des neuen Versicherers abgewartet werden, bevor die bestehende Police gek\u00fcndigt wird.\n    <\/div>\n    \n\n<\/div>\n\t\t\t\t<\/div>\n\t\t\t\t<\/div>\n\t\t\t\t\t<\/div>\n\t\t\t\t<\/div>\n\t\t\t\t<\/div>\n\t\t","protected":false},"excerpt":{"rendered":"<p>Sozialversicherungen und Lohnbuchhaltung f\u00fcr KMU in der Schweiz Grundlagen der Sozialversicherungspflichten Die Lohnbuchhaltung in der Schweiz unterliegt einem komplexen Regelwerk von Sozialversicherungspflichten. Unternehmen m\u00fcssen verschiedene obligatorische Versicherungen abschliessen und verwalten, deren Beitr\u00e4ge zwischen Arbeitgeber und Arbeitnehmer aufgeteilt werden. Die zentralen Sozialversicherungen umfassen die AHV\/IV\/EO (Alters- und Hinterlassenenversicherung, Invalidenversicherung, Erwerbsersatzordnung), die Arbeitslosenversicherung (ALV), die Unfallversicherung (UVG) [&hellip;]<\/p>\n","protected":false},"author":1,"featured_media":0,"comment_status":"closed","ping_status":"closed","sticky":false,"template":"","format":"standard","meta":{"site-sidebar-layout":"default","site-content-layout":"","ast-site-content-layout":"default","site-content-style":"default","site-sidebar-style":"default","ast-global-header-display":"","ast-banner-title-visibility":"","ast-main-header-display":"","ast-hfb-above-header-display":"","ast-hfb-below-header-display":"","ast-hfb-mobile-header-display":"","site-post-title":"","ast-breadcrumbs-content":"","ast-featured-img":"","footer-sml-layout":"","theme-transparent-header-meta":"","adv-header-id-meta":"","stick-header-meta":"","header-above-stick-meta":"","header-main-stick-meta":"","header-below-stick-meta":"","astra-migrate-meta-layouts":"set","ast-page-background-enabled":"default","ast-page-background-meta":{"desktop":{"background-color":"","background-image":"","background-repeat":"repeat","background-position":"center center","background-size":"auto","background-attachment":"scroll","background-type":"","background-media":"","overlay-type":"","overlay-color":"","overlay-opacity":"","overlay-gradient":""},"tablet":{"background-color":"","background-image":"","background-repeat":"repeat","background-position":"center center","background-size":"auto","background-attachment":"scroll","background-type":"","background-media":"","overlay-type":"","overlay-color":"","overlay-opacity":"","overlay-gradient":""},"mobile":{"background-color":"","background-image":"","background-repeat":"repeat","background-position":"center center","background-size":"auto","background-attachment":"scroll","background-type":"","background-media":"","overlay-type":"","overlay-color":"","overlay-opacity":"","overlay-gradient":""}},"ast-content-background-meta":{"desktop":{"background-color":"var(--ast-global-color-5)","background-image":"","background-repeat":"repeat","background-position":"center center","background-size":"auto","background-attachment":"scroll","background-type":"","background-media":"","overlay-type":"","overlay-color":"","overlay-opacity":"","overlay-gradient":""},"tablet":{"background-color":"var(--ast-global-color-5)","background-image":"","background-repeat":"repeat","background-position":"center center","background-size":"auto","background-attachment":"scroll","background-type":"","background-media":"","overlay-type":"","overlay-color":"","overlay-opacity":"","overlay-gradient":""},"mobile":{"background-color":"var(--ast-global-color-5)","background-image":"","background-repeat":"repeat","background-position":"center center","background-size":"auto","background-attachment":"scroll","background-type":"","background-media":"","overlay-type":"","overlay-color":"","overlay-opacity":"","overlay-gradient":""}},"footnotes":""},"categories":[1],"tags":[],"class_list":["post-3837","post","type-post","status-publish","format-standard","hentry","category-allgemein"],"yoast_head":"<!-- This site is optimized with the Yoast SEO plugin v25.4 - https:\/\/yoast.com\/wordpress\/plugins\/seo\/ -->\n<title>Sozialversicherungen und Lohnbuchhaltung f\u00fcr KMU in der Schweiz - Auctor Schwyz AG<\/title>\n<meta name=\"robots\" content=\"noindex, nofollow\" \/>\n<meta property=\"og:locale\" content=\"de_DE\" \/>\n<meta property=\"og:type\" content=\"article\" \/>\n<meta property=\"og:title\" content=\"Sozialversicherungen und Lohnbuchhaltung f\u00fcr KMU in der Schweiz - Auctor Schwyz AG\" \/>\n<meta property=\"og:description\" content=\"Sozialversicherungen und Lohnbuchhaltung f\u00fcr KMU in der Schweiz Grundlagen der Sozialversicherungspflichten Die Lohnbuchhaltung in der Schweiz unterliegt einem komplexen Regelwerk von Sozialversicherungspflichten. Unternehmen m\u00fcssen verschiedene obligatorische Versicherungen abschliessen und verwalten, deren Beitr\u00e4ge zwischen Arbeitgeber und Arbeitnehmer aufgeteilt werden. Die zentralen Sozialversicherungen umfassen die AHV\/IV\/EO (Alters- und Hinterlassenenversicherung, Invalidenversicherung, Erwerbsersatzordnung), die Arbeitslosenversicherung (ALV), die Unfallversicherung (UVG) [&hellip;]\" \/>\n<meta property=\"og:url\" content=\"https:\/\/auctor.ch\/de\/sozialversicherungen-und-lohnbuchhaltung-fuer-kmu-in-der-schweiz\/\" \/>\n<meta property=\"og:site_name\" content=\"Auctor Schwyz AG\" \/>\n<meta property=\"article:published_time\" content=\"2025-08-11T07:25:45+00:00\" \/>\n<meta property=\"article:modified_time\" content=\"2026-01-20T14:34:29+00:00\" \/>\n<meta name=\"author\" content=\"mhp_admin\" \/>\n<meta name=\"twitter:card\" content=\"summary_large_image\" \/>\n<meta name=\"twitter:label1\" content=\"Geschrieben von\" \/>\n\t<meta name=\"twitter:data1\" content=\"mhp_admin\" \/>\n\t<meta name=\"twitter:label2\" content=\"Gesch\u00e4tzte Lesezeit\" \/>\n\t<meta name=\"twitter:data2\" content=\"5\u00a0Minuten\" \/>\n<script type=\"application\/ld+json\" class=\"yoast-schema-graph\">{\"@context\":\"https:\/\/schema.org\",\"@graph\":[{\"@type\":\"Article\",\"@id\":\"https:\/\/auctor.ch\/sozialversicherungen-und-lohnbuchhaltung-fuer-kmu-in-der-schweiz\/#article\",\"isPartOf\":{\"@id\":\"https:\/\/auctor.ch\/sozialversicherungen-und-lohnbuchhaltung-fuer-kmu-in-der-schweiz\/\"},\"author\":{\"name\":\"mhp_admin\",\"@id\":\"https:\/\/auctor.ch\/#\/schema\/person\/f0a540937022e27ba6e047d0a67acd8e\"},\"headline\":\"Sozialversicherungen und Lohnbuchhaltung f\u00fcr KMU in der Schweiz\",\"datePublished\":\"2025-08-11T07:25:45+00:00\",\"dateModified\":\"2026-01-20T14:34:29+00:00\",\"mainEntityOfPage\":{\"@id\":\"https:\/\/auctor.ch\/sozialversicherungen-und-lohnbuchhaltung-fuer-kmu-in-der-schweiz\/\"},\"wordCount\":923,\"publisher\":{\"@id\":\"https:\/\/auctor.ch\/#organization\"},\"inLanguage\":\"de-CH\"},{\"@type\":\"WebPage\",\"@id\":\"https:\/\/auctor.ch\/sozialversicherungen-und-lohnbuchhaltung-fuer-kmu-in-der-schweiz\/\",\"url\":\"https:\/\/auctor.ch\/sozialversicherungen-und-lohnbuchhaltung-fuer-kmu-in-der-schweiz\/\",\"name\":\"Sozialversicherungen und Lohnbuchhaltung f\u00fcr KMU in der Schweiz - Auctor Schwyz AG\",\"isPartOf\":{\"@id\":\"https:\/\/auctor.ch\/#website\"},\"datePublished\":\"2025-08-11T07:25:45+00:00\",\"dateModified\":\"2026-01-20T14:34:29+00:00\",\"breadcrumb\":{\"@id\":\"https:\/\/auctor.ch\/sozialversicherungen-und-lohnbuchhaltung-fuer-kmu-in-der-schweiz\/#breadcrumb\"},\"inLanguage\":\"de-CH\",\"potentialAction\":[{\"@type\":\"ReadAction\",\"target\":[\"https:\/\/auctor.ch\/sozialversicherungen-und-lohnbuchhaltung-fuer-kmu-in-der-schweiz\/\"]}]},{\"@type\":\"BreadcrumbList\",\"@id\":\"https:\/\/auctor.ch\/sozialversicherungen-und-lohnbuchhaltung-fuer-kmu-in-der-schweiz\/#breadcrumb\",\"itemListElement\":[{\"@type\":\"ListItem\",\"position\":1,\"name\":\"Startseite\",\"item\":\"https:\/\/auctor.ch\/\"},{\"@type\":\"ListItem\",\"position\":2,\"name\":\"Sozialversicherungen und Lohnbuchhaltung f\u00fcr KMU in der Schweiz\"}]},{\"@type\":\"WebSite\",\"@id\":\"https:\/\/auctor.ch\/#website\",\"url\":\"https:\/\/auctor.ch\/\",\"name\":\"Auctor Schwyz AG\",\"description\":\"Steuerberatung, Firmengr\u00fcndung, Buchf\u00fchrung in Wollerau und Schwyz\",\"publisher\":{\"@id\":\"https:\/\/auctor.ch\/#organization\"},\"potentialAction\":[{\"@type\":\"SearchAction\",\"target\":{\"@type\":\"EntryPoint\",\"urlTemplate\":\"https:\/\/auctor.ch\/?s={search_term_string}\"},\"query-input\":{\"@type\":\"PropertyValueSpecification\",\"valueRequired\":true,\"valueName\":\"search_term_string\"}}],\"inLanguage\":\"de-CH\"},{\"@type\":\"Organization\",\"@id\":\"https:\/\/auctor.ch\/#organization\",\"name\":\"Auctor Schwyz AG\",\"url\":\"https:\/\/auctor.ch\/\",\"logo\":{\"@type\":\"ImageObject\",\"inLanguage\":\"de-CH\",\"@id\":\"https:\/\/auctor.ch\/#\/schema\/logo\/image\/\",\"url\":\"https:\/\/auctor.ch\/wp-content\/uploads\/2024\/08\/Logo.png\",\"contentUrl\":\"https:\/\/auctor.ch\/wp-content\/uploads\/2024\/08\/Logo.png\",\"width\":198,\"height\":207,\"caption\":\"Auctor Schwyz AG\"},\"image\":{\"@id\":\"https:\/\/auctor.ch\/#\/schema\/logo\/image\/\"}},{\"@type\":\"Person\",\"@id\":\"https:\/\/auctor.ch\/#\/schema\/person\/f0a540937022e27ba6e047d0a67acd8e\",\"name\":\"mhp_admin\",\"image\":{\"@type\":\"ImageObject\",\"inLanguage\":\"de-CH\",\"@id\":\"https:\/\/auctor.ch\/#\/schema\/person\/image\/\",\"url\":\"https:\/\/secure.gravatar.com\/avatar\/536b29a27c027dfc83bcd53f2ab11428f2746dcafb21fa4ef5659065e70accb4?s=96&d=mm&r=g\",\"contentUrl\":\"https:\/\/secure.gravatar.com\/avatar\/536b29a27c027dfc83bcd53f2ab11428f2746dcafb21fa4ef5659065e70accb4?s=96&d=mm&r=g\",\"caption\":\"mhp_admin\"},\"sameAs\":[\"https:\/\/auctor.ch\"],\"url\":\"https:\/\/auctor.ch\/de\/author\/mhp_admin\/\"}]}<\/script>\n<!-- \/ Yoast SEO plugin. -->","yoast_head_json":{"title":"Sozialversicherungen und Lohnbuchhaltung f\u00fcr KMU in der Schweiz - Auctor Schwyz AG","robots":{"index":"noindex","follow":"nofollow"},"og_locale":"de_DE","og_type":"article","og_title":"Sozialversicherungen und Lohnbuchhaltung f\u00fcr KMU in der Schweiz - Auctor Schwyz AG","og_description":"Sozialversicherungen und Lohnbuchhaltung f\u00fcr KMU in der Schweiz Grundlagen der Sozialversicherungspflichten Die Lohnbuchhaltung in der Schweiz unterliegt einem komplexen Regelwerk von Sozialversicherungspflichten. Unternehmen m\u00fcssen verschiedene obligatorische Versicherungen abschliessen und verwalten, deren Beitr\u00e4ge zwischen Arbeitgeber und Arbeitnehmer aufgeteilt werden. Die zentralen Sozialversicherungen umfassen die AHV\/IV\/EO (Alters- und Hinterlassenenversicherung, Invalidenversicherung, Erwerbsersatzordnung), die Arbeitslosenversicherung (ALV), die Unfallversicherung (UVG) [&hellip;]","og_url":"https:\/\/auctor.ch\/de\/sozialversicherungen-und-lohnbuchhaltung-fuer-kmu-in-der-schweiz\/","og_site_name":"Auctor Schwyz AG","article_published_time":"2025-08-11T07:25:45+00:00","article_modified_time":"2026-01-20T14:34:29+00:00","author":"mhp_admin","twitter_card":"summary_large_image","twitter_misc":{"Geschrieben von":"mhp_admin","Gesch\u00e4tzte Lesezeit":"5\u00a0Minuten"},"schema":{"@context":"https:\/\/schema.org","@graph":[{"@type":"Article","@id":"https:\/\/auctor.ch\/sozialversicherungen-und-lohnbuchhaltung-fuer-kmu-in-der-schweiz\/#article","isPartOf":{"@id":"https:\/\/auctor.ch\/sozialversicherungen-und-lohnbuchhaltung-fuer-kmu-in-der-schweiz\/"},"author":{"name":"mhp_admin","@id":"https:\/\/auctor.ch\/#\/schema\/person\/f0a540937022e27ba6e047d0a67acd8e"},"headline":"Sozialversicherungen und Lohnbuchhaltung f\u00fcr KMU in der Schweiz","datePublished":"2025-08-11T07:25:45+00:00","dateModified":"2026-01-20T14:34:29+00:00","mainEntityOfPage":{"@id":"https:\/\/auctor.ch\/sozialversicherungen-und-lohnbuchhaltung-fuer-kmu-in-der-schweiz\/"},"wordCount":923,"publisher":{"@id":"https:\/\/auctor.ch\/#organization"},"inLanguage":"de-CH"},{"@type":"WebPage","@id":"https:\/\/auctor.ch\/sozialversicherungen-und-lohnbuchhaltung-fuer-kmu-in-der-schweiz\/","url":"https:\/\/auctor.ch\/sozialversicherungen-und-lohnbuchhaltung-fuer-kmu-in-der-schweiz\/","name":"Sozialversicherungen und Lohnbuchhaltung f\u00fcr KMU in der Schweiz - Auctor Schwyz AG","isPartOf":{"@id":"https:\/\/auctor.ch\/#website"},"datePublished":"2025-08-11T07:25:45+00:00","dateModified":"2026-01-20T14:34:29+00:00","breadcrumb":{"@id":"https:\/\/auctor.ch\/sozialversicherungen-und-lohnbuchhaltung-fuer-kmu-in-der-schweiz\/#breadcrumb"},"inLanguage":"de-CH","potentialAction":[{"@type":"ReadAction","target":["https:\/\/auctor.ch\/sozialversicherungen-und-lohnbuchhaltung-fuer-kmu-in-der-schweiz\/"]}]},{"@type":"BreadcrumbList","@id":"https:\/\/auctor.ch\/sozialversicherungen-und-lohnbuchhaltung-fuer-kmu-in-der-schweiz\/#breadcrumb","itemListElement":[{"@type":"ListItem","position":1,"name":"Startseite","item":"https:\/\/auctor.ch\/"},{"@type":"ListItem","position":2,"name":"Sozialversicherungen und Lohnbuchhaltung f\u00fcr KMU in der Schweiz"}]},{"@type":"WebSite","@id":"https:\/\/auctor.ch\/#website","url":"https:\/\/auctor.ch\/","name":"Auctor Schwyz AG","description":"Steuerberatung, Firmengr\u00fcndung, Buchf\u00fchrung in Wollerau und Schwyz","publisher":{"@id":"https:\/\/auctor.ch\/#organization"},"potentialAction":[{"@type":"SearchAction","target":{"@type":"EntryPoint","urlTemplate":"https:\/\/auctor.ch\/?s={search_term_string}"},"query-input":{"@type":"PropertyValueSpecification","valueRequired":true,"valueName":"search_term_string"}}],"inLanguage":"de-CH"},{"@type":"Organization","@id":"https:\/\/auctor.ch\/#organization","name":"Auctor Schwyz AG","url":"https:\/\/auctor.ch\/","logo":{"@type":"ImageObject","inLanguage":"de-CH","@id":"https:\/\/auctor.ch\/#\/schema\/logo\/image\/","url":"https:\/\/auctor.ch\/wp-content\/uploads\/2024\/08\/Logo.png","contentUrl":"https:\/\/auctor.ch\/wp-content\/uploads\/2024\/08\/Logo.png","width":198,"height":207,"caption":"Auctor Schwyz AG"},"image":{"@id":"https:\/\/auctor.ch\/#\/schema\/logo\/image\/"}},{"@type":"Person","@id":"https:\/\/auctor.ch\/#\/schema\/person\/f0a540937022e27ba6e047d0a67acd8e","name":"mhp_admin","image":{"@type":"ImageObject","inLanguage":"de-CH","@id":"https:\/\/auctor.ch\/#\/schema\/person\/image\/","url":"https:\/\/secure.gravatar.com\/avatar\/536b29a27c027dfc83bcd53f2ab11428f2746dcafb21fa4ef5659065e70accb4?s=96&d=mm&r=g","contentUrl":"https:\/\/secure.gravatar.com\/avatar\/536b29a27c027dfc83bcd53f2ab11428f2746dcafb21fa4ef5659065e70accb4?s=96&d=mm&r=g","caption":"mhp_admin"},"sameAs":["https:\/\/auctor.ch"],"url":"https:\/\/auctor.ch\/de\/author\/mhp_admin\/"}]}},"_links":{"self":[{"href":"https:\/\/auctor.ch\/de\/wp-json\/wp\/v2\/posts\/3837","targetHints":{"allow":["GET"]}}],"collection":[{"href":"https:\/\/auctor.ch\/de\/wp-json\/wp\/v2\/posts"}],"about":[{"href":"https:\/\/auctor.ch\/de\/wp-json\/wp\/v2\/types\/post"}],"author":[{"embeddable":true,"href":"https:\/\/auctor.ch\/de\/wp-json\/wp\/v2\/users\/1"}],"replies":[{"embeddable":true,"href":"https:\/\/auctor.ch\/de\/wp-json\/wp\/v2\/comments?post=3837"}],"version-history":[{"count":17,"href":"https:\/\/auctor.ch\/de\/wp-json\/wp\/v2\/posts\/3837\/revisions"}],"predecessor-version":[{"id":3914,"href":"https:\/\/auctor.ch\/de\/wp-json\/wp\/v2\/posts\/3837\/revisions\/3914"}],"wp:attachment":[{"href":"https:\/\/auctor.ch\/de\/wp-json\/wp\/v2\/media?parent=3837"}],"wp:term":[{"taxonomy":"category","embeddable":true,"href":"https:\/\/auctor.ch\/de\/wp-json\/wp\/v2\/categories?post=3837"},{"taxonomy":"post_tag","embeddable":true,"href":"https:\/\/auctor.ch\/de\/wp-json\/wp\/v2\/tags?post=3837"}],"curies":[{"name":"wp","href":"https:\/\/api.w.org\/{rel}","templated":true}]}}