{"id":3832,"date":"2025-08-11T09:06:38","date_gmt":"2025-08-11T07:06:38","guid":{"rendered":"https:\/\/auctor.ch\/?p=3832"},"modified":"2026-01-26T13:35:51","modified_gmt":"2026-01-26T12:35:51","slug":"steuern-im-kanton-schwyz-praktischer-leitfaden-fuer-privatpersonen","status":"publish","type":"post","link":"https:\/\/auctor.ch\/de\/steuern-im-kanton-schwyz-praktischer-leitfaden-fuer-privatpersonen\/","title":{"rendered":"Besteuerung nat\u00fcrlicher Personen im Kanton Schwyz"},"content":{"rendered":"\t\t<div data-elementor-type=\"wp-post\" data-elementor-id=\"3832\" class=\"elementor elementor-3832\" data-elementor-post-type=\"post\">\n\t\t\t\t<div data-particle_enable=\"false\" data-particle-mobile-disabled=\"false\" class=\"elementor-element elementor-element-e0cc54f e-flex e-con-boxed e-con e-parent\" data-id=\"e0cc54f\" data-element_type=\"container\">\n\t\t\t\t\t<div class=\"e-con-inner\">\n\t\t\t\t<div class=\"elementor-element elementor-element-9c38de1 elementor-widget elementor-widget-html\" data-id=\"9c38de1\" data-element_type=\"widget\" data-widget_type=\"html.default\">\n\t\t\t\t\t\t<div class=\"elementor-widget-container\">\n\t\t\t\t\t<div class=\"auctor-blog-content\">\n<h1>Besteuerung nat\u00fcrlicher Personen im Kanton Schwyz<\/h1>\n    \n    <div class=\"auctor-info-box\">\n        <strong>Geltungsbereich:<\/strong> Nat\u00fcrliche Personen mit steuerrechtlichem Wohnsitz oder Aufenthalt im Kanton Schwyz<br>\n        <strong>Rechtsgrundlagen:<\/strong> Steuergesetz des Kantons Schwyz (StG SZ), Bundesgesetz \u00fcber die direkte Bundessteuer (DBG)\n  <\/div>\n\n    <h2>Steuerpflicht im Kanton Schwyz<\/h2>\n    \n    <p>Die Steuerpflicht im Kanton Schwyz richtet sich nach den Grunds\u00e4tzen des schweizerischen Steuerrechts. Der Kanton erhebt sowohl kantonale Steuern als auch die direkte Bundessteuer. Eine Besonderheit des Kantons Schwyz ist das Fehlen von Erbschafts- und Schenkungssteuern.<\/p>\n\n    <p>Die unbeschr\u00e4nkte Steuerpflicht besteht bei steuerrechtlichem Wohnsitz oder Aufenthalt im Kanton. Als Aufenthalt gilt ein Verweilen von mehr als 90 Tagen mit Erwerbst\u00e4tigkeit oder mehr als 180 Tagen ohne Erwerbst\u00e4tigkeit. Die beschr\u00e4nkte Steuerpflicht erfasst Personen mit wirtschaftlicher Zugeh\u00f6rigkeit, insbesondere bei Liegenschaftsbesitz oder Betriebsst\u00e4tten im Kanton.<\/p>\n\n    <table class=\"auctor-table-wrapper\">\n        <thead>\n            <tr>\n                <th>Art der Steuerpflicht<\/th>\n                <th>Voraussetzungen<\/th>\n                <th>Besteuerungsumfang<\/th>\n            <\/tr>\n        <\/thead>\n        <tbody>\n            <tr>\n                <td>Unbeschr\u00e4nkte Steuerpflicht<\/td>\n                <td>Wohnsitz oder qualifizierter Aufenthalt<\/td>\n                <td>Weltweites Einkommen und Verm\u00f6gen<\/td>\n            <\/tr>\n            <tr>\n                <td>Beschr\u00e4nkte Steuerpflicht<\/td>\n                <td>Wirtschaftliche Zugeh\u00f6rigkeit<\/td>\n                <td>Schweizerische Einkommens- und Verm\u00f6gensbestandteile<\/td>\n            <\/tr>\n            <tr>\n                <td>Quellenbesteuerung<\/td>\n                <td>Ausl\u00e4ndische Arbeitnehmer ohne Niederlassungsbewilligung<\/td>\n                <td>Erwerbseinkommen im Kanton<\/td>\n            <\/tr>\n            <tr>\n                <td>Pauschalbesteuerung<\/td>\n                <td>Qualifizierte ausl\u00e4ndische Staatsangeh\u00f6rige ohne CH-Erwerbst\u00e4tigkeit<\/td>\n                <td>Besteuerung nach Aufwand<\/td>\n            <\/tr>\n        <\/tbody>\n    <\/table>\n\n    <h2>Steuererkl\u00e4rung und Veranlagungsverfahren<\/h2>\n    \n  <p>Die Steuererkl\u00e4rung erfolgt elektronisch \u00fcber das Portal eTax.SZ. Die zentrale Veranlagung durch die Kantonale Steuerverwaltung gew\u00e4hrleistet einheitliche Verfahren f\u00fcr Kantons-, Gemeinde- und Bundessteuern. Die ordentliche Einreichungsfrist endet am 31. M\u00e4rz des Folgejahres.<\/p>\n\n    <p>Fristverl\u00e4ngerungen k\u00f6nnen bis zum Ablauf der ordentlichen Frist beantragt werden.<\/p>\n\n    <h3>Digitales Einreichungsverfahren<\/h3>\n    \n    <p>Die Registrierung erfolgt mittels AHV-Nummer \u00fcber etax.sz.ch. Nach erfolgter Registrierung wird ein Aktivierungscode per Post zugestellt. Das System erm\u00f6glicht die \u00dcbernahme von Vorjahreswerten und bietet eine integrierte Plausibilit\u00e4tspr\u00fcfung. Belege sind als PDF-Dateien (maximal 10 MB pro Datei) beizuf\u00fcgen.<\/p>\n\n    <h2>Steueroptimierung durch Vorsorge<\/h2>\n    \n  <h3>S\u00e4ule 3a<\/h3>\n    \n    <p>Die maximalen Abzugsbetr\u00e4ge f\u00fcr die gebundene Vorsorge betragen f\u00fcr 2026 CHF 7'258  mit Pensionskassenanschluss bzw. CHF 36\u2018288  ohne Pensionskassenanschluss (maximal 20% des Nettoerwerbseinkommens). Diese Betr\u00e4ge sind sowohl bei der Kantons- als auch bei der Bundessteuer vollumf\u00e4nglich abzugsf\u00e4hig.<\/p>\n\n    <div class=\"auctor-example-box\">\n        <strong>Praxishinweis:<\/strong>\n        Einzahlungen sollten bis sp\u00e4testens Mitte Dezember erfolgen, um die Verbuchung im laufenden Steuerjahr sicherzustellen.\n    <\/div>\n\n    <h3>Pensionskasseneink\u00e4ufe<\/h3>\n    \n    <p>Freiwillige Eink\u00e4ufe in die berufliche Vorsorge sind vollst\u00e4ndig vom steuerbaren Einkommen abzugsf\u00e4hig. Nach einem Einkauf gilt eine dreij\u00e4hrige Sperrfrist f\u00fcr Kapitalbez\u00fcge. Die steuerliche Wirkung entspricht dem individuellen Grenzsteuersatz und kann zwischen 20 und 35 Prozent des Einkaufsbetrags betragen.<\/p>\n\n    <p>Bei der Planung von Pensionskasseneink\u00e4ufen ist die Progressionswirkung zu ber\u00fccksichtigen. Eine Verteilung gr\u00f6sserer Betr\u00e4ge \u00fcber mehrere Steuerjahre kann die Steuerersparnis optimieren.<\/p>\n\n  <h2>Liegenschaftsbesteuerung<\/h2>\n    \n    <p>Der Eigenmietwert wird als Einkommen besteuert und betr\u00e4gt in der Regel 65   Prozent der orts\u00fcblichen Marktmiete. Im Gegenzug sind Schuldzinsen und Unterhaltskosten abzugsf\u00e4hig. Die Abgrenzung zwischen abzugsf\u00e4higem Unterhalt und nicht abzugsf\u00e4higen wertvermehrenden Investitionen folgt der bundesgerichtlichen Rechtsprechung.<\/p>\n\n    <p>F\u00fcr den Liegenschaftsunterhalt kann j\u00e4hrlich zwischen dem Pauschalabzug und dem Abzug der effektiven Kosten gew\u00e4hlt werden. Der Pauschalabzug betr\u00e4gt 10 Prozent des Eigenmietwerts bei Liegenschaften unter 10 Jahren bzw. 20 Prozent bei \u00e4lteren Liegenschaften.<\/p>\n\n    <h2>Besteuerung bei selbst\u00e4ndiger Erwerbst\u00e4tigkeit<\/h2>\n    \n    <p>Bei der Aussch\u00fcttungspolitik von Kapitalgesellschaften ist zwischen Lohn und Dividende zu optimieren. Dividenden aus qualifizierten Beteiligungen unterliegen einer reduzierten Besteuerung von 50 Prozent im Kanton Schwyz und 70 Prozent bei der Bundessteuer. Die AHV-Pflicht des Lohns ist bei der Optimierung zu ber\u00fccksichtigen.<\/p>\n\n    <table class=\"auctor-table-wrapper\">\n        <thead>\n            <tr>\n                <th>Aussch\u00fcttungsform<\/th>\n                <th>Steuerliche Behandlung Kanton<\/th>\n                <th>Steuerliche Behandlung Bund<\/th>\n                <th>Sozialversicherungen<\/th>\n            <\/tr>\n      <\/thead>\n        <tbody>\n            <tr>\n                <td>Lohn<\/td>\n                <td>100% steuerbar<\/td>\n                <td>100% steuerbar<\/td>\n                <td>AHV\/IV\/EO\/ALV pflichtig<\/td>\n            <\/tr>\n            <tr>\n                <td>Dividende (qualifiziert)<\/td>\n                <td>50% steuerbar<\/td>\n                <td>70% steuerbar<\/td>\n                <td>Keine Pflicht<\/td>\n            <\/tr>\n        <\/tbody>\n  <\/table>\n\n    <h2>Familienbesteuerung und Abz\u00fcge<\/h2>\n    \n  <p>Verheiratete Personen werden gemeinsam veranlagt. Im Kanton Schwyz wird zur Milderung der Progressionswirkung ein Divisor von 1.9 angewendet. Die Bundessteuer kennt einen separaten Tarif f\u00fcr Verheiratete.<\/p>\n\n    <p>Kinderbetreuungskosten sind bis CHF 8'000 pro Kind und Jahr im Kanton Schwyz abzugsf\u00e4hig (Bundessteuer: CHF 25'800). Voraussetzung ist die Drittbetreuung von Kindern unter 14 Jahren. Die Auslagen  m\u00fcssen vollst\u00e4ndig dokumentiert werden.<\/p>\n\n    <h2>Pauschalbesteuerung<\/h2>\n    \n    <p>Die Pauschalbesteuerung steht ausl\u00e4ndischen Staatsangeh\u00f6rigen bei erstmaligem Zuzug oder nach mindestens zehnj\u00e4hrigem Auslandaufenthalt zur Verf\u00fcgung. Voraussetzung ist der Verzicht auf jegliche Erwerbst\u00e4tigkeit in der Schweiz. Die Bemessungsgrundlage betr\u00e4gt mindestens CHF 600'000 oder das Siebenfache des Mietwertes bzw. Mietzinses.<\/p>\n\n    <p>Das Verfahren beginnt mit einem Ruling-Antrag bei der Kantonalen Steuerverwaltung. Die vereinbarte Bemessungsgrundlage gilt in der Regel f\u00fcr drei Jahre. Eine Kontrollrechnung stellt sicher, dass die Pauschalsteuer mindestens der ordentlichen Besteuerung auf schweizerischen Einkommens- und Verm\u00f6gensbestandteilen entspricht.<\/p>\n\n    <div class=\"auctor-example-box\">\n        <strong>Praxishinweis:<\/strong>\n        Die Aus\u00fcbung einer Erwerbst\u00e4tigkeit, auch im Home-Office f\u00fcr einen ausl\u00e4ndischen Arbeitgeber, f\u00fchrt zum Verlust der Pauschalbesteuerung.\n    <\/div>\n\n    <h2>Gemeindesteuern<\/h2>\n    \n    <p>Die Gemeindesteuerf\u00fcsse im Kanton Schwyz variieren zwischen 55 und 145 Prozent des kantonalen Steuersatzes. Die Wahl der Wohngemeinde hat entsprechend erheblichen Einfluss auf die Gesamtsteuerbelastung.<\/p>\n\n    <table class=\"auctor-table-wrapper\">\n        <thead>\n            <tr>\n                <th>Gemeinde<\/th>\n                <th>Steuerfuss 2026<\/th>\n                <th>Charakteristik<\/th>\n            <\/tr>\n        <\/thead>\n        <tbody>\n            <tr>\n                <td>Wollerau<\/td>\n                <td>50%<\/td>\n                <td>Niedrigster Steuerfuss im Kanton<\/td>\n            <\/tr>\n            <tr>\n                <td>Freienbach<\/td>\n                <td>50%<\/td>\n                <td>Zweitniedrigster Steuerfuss<\/td>\n            <\/tr>\n            <tr>\n                <td>Feusisberg<\/td>\n                <td>60%<\/td>\n                <td>Drittniedrigster Steuerfuss<\/td>\n            <\/tr>\n            <tr>\n                <td>Schwyz<\/td>\n                <td>140%<\/td>\n                <td>Kantonshauptort<\/td>\n            <\/tr>\n        <\/tbody>\n    <\/table>\n\n  <h2>Verm\u00f6genssteuer<\/h2>\n    \n    <p>Die Verm\u00f6genssteuer betr\u00e4gt einheitlich 0.6 Promille des steuerbaren Verm\u00f6gens. Dies stellt im interkantonalen Vergleich einen der niedrigsten S\u00e4tze dar.<\/p>\n\n    <h2>Kapitalauszahlungsbesteuerung<\/h2>\n    \n    <p>Kapitalauszahlungen aus der beruflichen Vorsorge und der S\u00e4ule 3a werden getrennt vom \u00fcbrigen Einkommen zu einem reduzierten Satz besteuert. Eine zeitliche Staffelung von Bez\u00fcgen aus verschiedenen Vorsorgeeinrichtungen kann die Progression mildern.<\/p>\n\n    <h2>Quellensteuer<\/h2>\n    \n    <p>Ausl\u00e4ndische Arbeitnehmer ohne Niederlassungsbewilligung unterliegen der Quellenbesteuerung. Die Steuers\u00e4tze sind progressiv ausgestaltet und ber\u00fccksichtigen den Familienstand. Ab einem Bruttoeinkommen von CHF 120'000 pro Jahr erfolgt eine nachtr\u00e4gliche ordentliche Veranlagung.<\/p>\n\n    <h2>Rechtsschutz und Verfahren<\/h2>\n    \n    <p>Gegen Veranlagungsverf\u00fcgungen kann innert 30 Tagen Einsprache bei der Kantonalen Steuerverwaltung erhoben werden. Der Einspracheentscheid kann mit Beschwerde an das Verwaltungsgericht des Kantons Schwyz weitergezogen werden. In Bundessteuersachen steht der Weiterzug an das Bundesgericht offen.<\/p>\n\n<\/div>\n\t\t\t\t<\/div>\n\t\t\t\t<\/div>\n\t\t\t\t\t<\/div>\n\t\t\t\t<\/div>\n\t\t\t\t<\/div>\n\t\t","protected":false},"excerpt":{"rendered":"<p>Besteuerung nat\u00fcrlicher Personen im Kanton Schwyz Geltungsbereich: Nat\u00fcrliche Personen mit steuerrechtlichem Wohnsitz oder Aufenthalt im Kanton Schwyz Rechtsgrundlagen: Steuergesetz des Kantons Schwyz (StG SZ), Bundesgesetz \u00fcber die direkte Bundessteuer (DBG) Steuerpflicht im Kanton Schwyz Die Steuerpflicht im Kanton Schwyz richtet sich nach den Grunds\u00e4tzen des schweizerischen Steuerrechts. Der Kanton erhebt sowohl kantonale Steuern als auch [&hellip;]<\/p>\n","protected":false},"author":1,"featured_media":0,"comment_status":"closed","ping_status":"closed","sticky":false,"template":"","format":"standard","meta":{"site-sidebar-layout":"default","site-content-layout":"","ast-site-content-layout":"default","site-content-style":"default","site-sidebar-style":"default","ast-global-header-display":"","ast-banner-title-visibility":"","ast-main-header-display":"","ast-hfb-above-header-display":"","ast-hfb-below-header-display":"","ast-hfb-mobile-header-display":"","site-post-title":"","ast-breadcrumbs-content":"","ast-featured-img":"","footer-sml-layout":"","theme-transparent-header-meta":"","adv-header-id-meta":"","stick-header-meta":"","header-above-stick-meta":"","header-main-stick-meta":"","header-below-stick-meta":"","astra-migrate-meta-layouts":"set","ast-page-background-enabled":"default","ast-page-background-meta":{"desktop":{"background-color":"","background-image":"","background-repeat":"repeat","background-position":"center center","background-size":"auto","background-attachment":"scroll","background-type":"","background-media":"","overlay-type":"","overlay-color":"","overlay-opacity":"","overlay-gradient":""},"tablet":{"background-color":"","background-image":"","background-repeat":"repeat","background-position":"center center","background-size":"auto","background-attachment":"scroll","background-type":"","background-media":"","overlay-type":"","overlay-color":"","overlay-opacity":"","overlay-gradient":""},"mobile":{"background-color":"","background-image":"","background-repeat":"repeat","background-position":"center center","background-size":"auto","background-attachment":"scroll","background-type":"","background-media":"","overlay-type":"","overlay-color":"","overlay-opacity":"","overlay-gradient":""}},"ast-content-background-meta":{"desktop":{"background-color":"var(--ast-global-color-5)","background-image":"","background-repeat":"repeat","background-position":"center center","background-size":"auto","background-attachment":"scroll","background-type":"","background-media":"","overlay-type":"","overlay-color":"","overlay-opacity":"","overlay-gradient":""},"tablet":{"background-color":"var(--ast-global-color-5)","background-image":"","background-repeat":"repeat","background-position":"center center","background-size":"auto","background-attachment":"scroll","background-type":"","background-media":"","overlay-type":"","overlay-color":"","overlay-opacity":"","overlay-gradient":""},"mobile":{"background-color":"var(--ast-global-color-5)","background-image":"","background-repeat":"repeat","background-position":"center center","background-size":"auto","background-attachment":"scroll","background-type":"","background-media":"","overlay-type":"","overlay-color":"","overlay-opacity":"","overlay-gradient":""}},"footnotes":""},"categories":[1],"tags":[],"class_list":["post-3832","post","type-post","status-publish","format-standard","hentry","category-allgemein"],"yoast_head":"<!-- This site is optimized with the Yoast SEO plugin v25.4 - https:\/\/yoast.com\/wordpress\/plugins\/seo\/ -->\n<title>Besteuerung nat\u00fcrlicher Personen im Kanton Schwyz - Auctor Schwyz AG<\/title>\n<meta name=\"robots\" content=\"noindex, nofollow\" \/>\n<meta property=\"og:locale\" content=\"de_DE\" \/>\n<meta property=\"og:type\" content=\"article\" \/>\n<meta property=\"og:title\" content=\"Besteuerung nat\u00fcrlicher Personen im Kanton Schwyz - Auctor Schwyz AG\" \/>\n<meta property=\"og:description\" content=\"Besteuerung nat\u00fcrlicher Personen im Kanton Schwyz Geltungsbereich: Nat\u00fcrliche Personen mit steuerrechtlichem Wohnsitz oder Aufenthalt im Kanton Schwyz Rechtsgrundlagen: Steuergesetz des Kantons Schwyz (StG SZ), Bundesgesetz \u00fcber die direkte Bundessteuer (DBG) Steuerpflicht im Kanton Schwyz Die Steuerpflicht im Kanton Schwyz richtet sich nach den Grunds\u00e4tzen des schweizerischen Steuerrechts. Der Kanton erhebt sowohl kantonale Steuern als auch [&hellip;]\" \/>\n<meta property=\"og:url\" content=\"https:\/\/auctor.ch\/de\/steuern-im-kanton-schwyz-praktischer-leitfaden-fuer-privatpersonen\/\" \/>\n<meta property=\"og:site_name\" content=\"Auctor Schwyz AG\" \/>\n<meta property=\"article:published_time\" content=\"2025-08-11T07:06:38+00:00\" \/>\n<meta property=\"article:modified_time\" content=\"2026-01-26T12:35:51+00:00\" \/>\n<meta name=\"author\" content=\"mhp_admin\" \/>\n<meta name=\"twitter:card\" content=\"summary_large_image\" \/>\n<meta name=\"twitter:label1\" content=\"Geschrieben von\" \/>\n\t<meta name=\"twitter:data1\" content=\"mhp_admin\" \/>\n<script type=\"application\/ld+json\" class=\"yoast-schema-graph\">{\"@context\":\"https:\/\/schema.org\",\"@graph\":[{\"@type\":\"Article\",\"@id\":\"https:\/\/auctor.ch\/steuern-im-kanton-schwyz-praktischer-leitfaden-fuer-privatpersonen\/#article\",\"isPartOf\":{\"@id\":\"https:\/\/auctor.ch\/steuern-im-kanton-schwyz-praktischer-leitfaden-fuer-privatpersonen\/\"},\"author\":{\"name\":\"mhp_admin\",\"@id\":\"https:\/\/auctor.ch\/#\/schema\/person\/f0a540937022e27ba6e047d0a67acd8e\"},\"headline\":\"Besteuerung nat\u00fcrlicher Personen im Kanton Schwyz\",\"datePublished\":\"2025-08-11T07:06:38+00:00\",\"dateModified\":\"2026-01-26T12:35:51+00:00\",\"mainEntityOfPage\":{\"@id\":\"https:\/\/auctor.ch\/steuern-im-kanton-schwyz-praktischer-leitfaden-fuer-privatpersonen\/\"},\"wordCount\":889,\"publisher\":{\"@id\":\"https:\/\/auctor.ch\/#organization\"},\"inLanguage\":\"de-CH\"},{\"@type\":\"WebPage\",\"@id\":\"https:\/\/auctor.ch\/steuern-im-kanton-schwyz-praktischer-leitfaden-fuer-privatpersonen\/\",\"url\":\"https:\/\/auctor.ch\/steuern-im-kanton-schwyz-praktischer-leitfaden-fuer-privatpersonen\/\",\"name\":\"Besteuerung nat\u00fcrlicher Personen im Kanton Schwyz - Auctor Schwyz AG\",\"isPartOf\":{\"@id\":\"https:\/\/auctor.ch\/#website\"},\"datePublished\":\"2025-08-11T07:06:38+00:00\",\"dateModified\":\"2026-01-26T12:35:51+00:00\",\"breadcrumb\":{\"@id\":\"https:\/\/auctor.ch\/steuern-im-kanton-schwyz-praktischer-leitfaden-fuer-privatpersonen\/#breadcrumb\"},\"inLanguage\":\"de-CH\",\"potentialAction\":[{\"@type\":\"ReadAction\",\"target\":[\"https:\/\/auctor.ch\/steuern-im-kanton-schwyz-praktischer-leitfaden-fuer-privatpersonen\/\"]}]},{\"@type\":\"BreadcrumbList\",\"@id\":\"https:\/\/auctor.ch\/steuern-im-kanton-schwyz-praktischer-leitfaden-fuer-privatpersonen\/#breadcrumb\",\"itemListElement\":[{\"@type\":\"ListItem\",\"position\":1,\"name\":\"Startseite\",\"item\":\"https:\/\/auctor.ch\/\"},{\"@type\":\"ListItem\",\"position\":2,\"name\":\"Besteuerung nat\u00fcrlicher Personen im Kanton Schwyz\"}]},{\"@type\":\"WebSite\",\"@id\":\"https:\/\/auctor.ch\/#website\",\"url\":\"https:\/\/auctor.ch\/\",\"name\":\"Auctor Schwyz AG\",\"description\":\"Steuerberatung, Firmengr\u00fcndung, Buchf\u00fchrung in Wollerau und Schwyz\",\"publisher\":{\"@id\":\"https:\/\/auctor.ch\/#organization\"},\"potentialAction\":[{\"@type\":\"SearchAction\",\"target\":{\"@type\":\"EntryPoint\",\"urlTemplate\":\"https:\/\/auctor.ch\/?s={search_term_string}\"},\"query-input\":{\"@type\":\"PropertyValueSpecification\",\"valueRequired\":true,\"valueName\":\"search_term_string\"}}],\"inLanguage\":\"de-CH\"},{\"@type\":\"Organization\",\"@id\":\"https:\/\/auctor.ch\/#organization\",\"name\":\"Auctor Schwyz AG\",\"url\":\"https:\/\/auctor.ch\/\",\"logo\":{\"@type\":\"ImageObject\",\"inLanguage\":\"de-CH\",\"@id\":\"https:\/\/auctor.ch\/#\/schema\/logo\/image\/\",\"url\":\"https:\/\/auctor.ch\/wp-content\/uploads\/2024\/08\/Logo.png\",\"contentUrl\":\"https:\/\/auctor.ch\/wp-content\/uploads\/2024\/08\/Logo.png\",\"width\":198,\"height\":207,\"caption\":\"Auctor Schwyz AG\"},\"image\":{\"@id\":\"https:\/\/auctor.ch\/#\/schema\/logo\/image\/\"}},{\"@type\":\"Person\",\"@id\":\"https:\/\/auctor.ch\/#\/schema\/person\/f0a540937022e27ba6e047d0a67acd8e\",\"name\":\"mhp_admin\",\"image\":{\"@type\":\"ImageObject\",\"inLanguage\":\"de-CH\",\"@id\":\"https:\/\/auctor.ch\/#\/schema\/person\/image\/\",\"url\":\"https:\/\/secure.gravatar.com\/avatar\/536b29a27c027dfc83bcd53f2ab11428f2746dcafb21fa4ef5659065e70accb4?s=96&d=mm&r=g\",\"contentUrl\":\"https:\/\/secure.gravatar.com\/avatar\/536b29a27c027dfc83bcd53f2ab11428f2746dcafb21fa4ef5659065e70accb4?s=96&d=mm&r=g\",\"caption\":\"mhp_admin\"},\"sameAs\":[\"https:\/\/auctor.ch\"],\"url\":\"https:\/\/auctor.ch\/de\/author\/mhp_admin\/\"}]}<\/script>\n<!-- \/ Yoast SEO plugin. -->","yoast_head_json":{"title":"Besteuerung nat\u00fcrlicher Personen im Kanton Schwyz - Auctor Schwyz AG","robots":{"index":"noindex","follow":"nofollow"},"og_locale":"de_DE","og_type":"article","og_title":"Besteuerung nat\u00fcrlicher Personen im Kanton Schwyz - Auctor Schwyz AG","og_description":"Besteuerung nat\u00fcrlicher Personen im Kanton Schwyz Geltungsbereich: Nat\u00fcrliche Personen mit steuerrechtlichem Wohnsitz oder Aufenthalt im Kanton Schwyz Rechtsgrundlagen: Steuergesetz des Kantons Schwyz (StG SZ), Bundesgesetz \u00fcber die direkte Bundessteuer (DBG) Steuerpflicht im Kanton Schwyz Die Steuerpflicht im Kanton Schwyz richtet sich nach den Grunds\u00e4tzen des schweizerischen Steuerrechts. Der Kanton erhebt sowohl kantonale Steuern als auch [&hellip;]","og_url":"https:\/\/auctor.ch\/de\/steuern-im-kanton-schwyz-praktischer-leitfaden-fuer-privatpersonen\/","og_site_name":"Auctor Schwyz AG","article_published_time":"2025-08-11T07:06:38+00:00","article_modified_time":"2026-01-26T12:35:51+00:00","author":"mhp_admin","twitter_card":"summary_large_image","twitter_misc":{"Geschrieben von":"mhp_admin"},"schema":{"@context":"https:\/\/schema.org","@graph":[{"@type":"Article","@id":"https:\/\/auctor.ch\/steuern-im-kanton-schwyz-praktischer-leitfaden-fuer-privatpersonen\/#article","isPartOf":{"@id":"https:\/\/auctor.ch\/steuern-im-kanton-schwyz-praktischer-leitfaden-fuer-privatpersonen\/"},"author":{"name":"mhp_admin","@id":"https:\/\/auctor.ch\/#\/schema\/person\/f0a540937022e27ba6e047d0a67acd8e"},"headline":"Besteuerung nat\u00fcrlicher Personen im Kanton Schwyz","datePublished":"2025-08-11T07:06:38+00:00","dateModified":"2026-01-26T12:35:51+00:00","mainEntityOfPage":{"@id":"https:\/\/auctor.ch\/steuern-im-kanton-schwyz-praktischer-leitfaden-fuer-privatpersonen\/"},"wordCount":889,"publisher":{"@id":"https:\/\/auctor.ch\/#organization"},"inLanguage":"de-CH"},{"@type":"WebPage","@id":"https:\/\/auctor.ch\/steuern-im-kanton-schwyz-praktischer-leitfaden-fuer-privatpersonen\/","url":"https:\/\/auctor.ch\/steuern-im-kanton-schwyz-praktischer-leitfaden-fuer-privatpersonen\/","name":"Besteuerung nat\u00fcrlicher Personen im Kanton Schwyz - Auctor Schwyz AG","isPartOf":{"@id":"https:\/\/auctor.ch\/#website"},"datePublished":"2025-08-11T07:06:38+00:00","dateModified":"2026-01-26T12:35:51+00:00","breadcrumb":{"@id":"https:\/\/auctor.ch\/steuern-im-kanton-schwyz-praktischer-leitfaden-fuer-privatpersonen\/#breadcrumb"},"inLanguage":"de-CH","potentialAction":[{"@type":"ReadAction","target":["https:\/\/auctor.ch\/steuern-im-kanton-schwyz-praktischer-leitfaden-fuer-privatpersonen\/"]}]},{"@type":"BreadcrumbList","@id":"https:\/\/auctor.ch\/steuern-im-kanton-schwyz-praktischer-leitfaden-fuer-privatpersonen\/#breadcrumb","itemListElement":[{"@type":"ListItem","position":1,"name":"Startseite","item":"https:\/\/auctor.ch\/"},{"@type":"ListItem","position":2,"name":"Besteuerung nat\u00fcrlicher Personen im Kanton Schwyz"}]},{"@type":"WebSite","@id":"https:\/\/auctor.ch\/#website","url":"https:\/\/auctor.ch\/","name":"Auctor Schwyz AG","description":"Steuerberatung, Firmengr\u00fcndung, Buchf\u00fchrung in Wollerau und Schwyz","publisher":{"@id":"https:\/\/auctor.ch\/#organization"},"potentialAction":[{"@type":"SearchAction","target":{"@type":"EntryPoint","urlTemplate":"https:\/\/auctor.ch\/?s={search_term_string}"},"query-input":{"@type":"PropertyValueSpecification","valueRequired":true,"valueName":"search_term_string"}}],"inLanguage":"de-CH"},{"@type":"Organization","@id":"https:\/\/auctor.ch\/#organization","name":"Auctor Schwyz AG","url":"https:\/\/auctor.ch\/","logo":{"@type":"ImageObject","inLanguage":"de-CH","@id":"https:\/\/auctor.ch\/#\/schema\/logo\/image\/","url":"https:\/\/auctor.ch\/wp-content\/uploads\/2024\/08\/Logo.png","contentUrl":"https:\/\/auctor.ch\/wp-content\/uploads\/2024\/08\/Logo.png","width":198,"height":207,"caption":"Auctor Schwyz AG"},"image":{"@id":"https:\/\/auctor.ch\/#\/schema\/logo\/image\/"}},{"@type":"Person","@id":"https:\/\/auctor.ch\/#\/schema\/person\/f0a540937022e27ba6e047d0a67acd8e","name":"mhp_admin","image":{"@type":"ImageObject","inLanguage":"de-CH","@id":"https:\/\/auctor.ch\/#\/schema\/person\/image\/","url":"https:\/\/secure.gravatar.com\/avatar\/536b29a27c027dfc83bcd53f2ab11428f2746dcafb21fa4ef5659065e70accb4?s=96&d=mm&r=g","contentUrl":"https:\/\/secure.gravatar.com\/avatar\/536b29a27c027dfc83bcd53f2ab11428f2746dcafb21fa4ef5659065e70accb4?s=96&d=mm&r=g","caption":"mhp_admin"},"sameAs":["https:\/\/auctor.ch"],"url":"https:\/\/auctor.ch\/de\/author\/mhp_admin\/"}]}},"_links":{"self":[{"href":"https:\/\/auctor.ch\/de\/wp-json\/wp\/v2\/posts\/3832","targetHints":{"allow":["GET"]}}],"collection":[{"href":"https:\/\/auctor.ch\/de\/wp-json\/wp\/v2\/posts"}],"about":[{"href":"https:\/\/auctor.ch\/de\/wp-json\/wp\/v2\/types\/post"}],"author":[{"embeddable":true,"href":"https:\/\/auctor.ch\/de\/wp-json\/wp\/v2\/users\/1"}],"replies":[{"embeddable":true,"href":"https:\/\/auctor.ch\/de\/wp-json\/wp\/v2\/comments?post=3832"}],"version-history":[{"count":32,"href":"https:\/\/auctor.ch\/de\/wp-json\/wp\/v2\/posts\/3832\/revisions"}],"predecessor-version":[{"id":3936,"href":"https:\/\/auctor.ch\/de\/wp-json\/wp\/v2\/posts\/3832\/revisions\/3936"}],"wp:attachment":[{"href":"https:\/\/auctor.ch\/de\/wp-json\/wp\/v2\/media?parent=3832"}],"wp:term":[{"taxonomy":"category","embeddable":true,"href":"https:\/\/auctor.ch\/de\/wp-json\/wp\/v2\/categories?post=3832"},{"taxonomy":"post_tag","embeddable":true,"href":"https:\/\/auctor.ch\/de\/wp-json\/wp\/v2\/tags?post=3832"}],"curies":[{"name":"wp","href":"https:\/\/api.w.org\/{rel}","templated":true}]}}